{"id":10076,"date":"2025-06-17T17:13:04","date_gmt":"2025-06-17T17:13:04","guid":{"rendered":"https:\/\/www.ro-gruppen.se\/?p=10076"},"modified":"2025-06-17T17:15:27","modified_gmt":"2025-06-17T17:15:27","slug":"klimatarbete-ar-affarsutveckling","status":"publish","type":"post","link":"https:\/\/www.ro-gruppen.se\/en\/klimatarbete-ar-affarsutveckling\/","title":{"rendered":"Klimatarbete \u00e4r aff\u00e4rsutveckling"},"content":{"rendered":"<p>Hur p\u00e5verkar vi som bolag klimatet och hur kan klimatarbetet p\u00e5verka aff\u00e4ren?<br \/>\nDet var huvudfr\u00e5gan n\u00e4r RO-Gruppen deltog i en tr\u00e4ff f\u00f6r aff\u00e4rsansvariga inom ramen f\u00f6r <a href=\"https:\/\/www.emcsverige.se\/projekt\/hallands-klimatlyft\" target=\"_blank\" rel=\"noopener\">Hallands Klimatlyft<\/a> &#8211; ett n\u00e4tverk f\u00f6r f\u00f6retag som satsar p\u00e5 sitt klimatarbete som en del av sin aff\u00e4rsutveckling.<br \/>\nV\u00e5r verksamhetsutvecklare <a id=\"ember112\" class=\"ember-view\" href=\"https:\/\/www.linkedin.com\/in\/lindhafeldin\/\">Lindha Feldin<\/a> deltog tillsammans med aff\u00e4rsomr\u00e5descheferna <a id=\"ember113\" class=\"ember-view\" href=\"https:\/\/www.linkedin.com\/in\/marcus-bramer-69514917\/\">Marcus Bramer<\/a> och <a id=\"ember114\" class=\"ember-view\" href=\"https:\/\/www.linkedin.com\/in\/magnuslindberg\/\">Magnus Lindberg<\/a> f\u00f6r att diskutera klimatbokslut, aff\u00e4rsrisker och hur vi p\u00e5 riktigt kan oms\u00e4tta klimatdata i beslut som g\u00f6r skillnad.<\/p>\n<p>\u2013 Tillf\u00e4llen likt detta \u00e4r oerh\u00f6rt v\u00e4rdefulla, d\u00e4r vi kan tr\u00e4ffa f\u00f6retagsledare fr\u00e5n olika branscher och h\u00f6ra om ambitionerna med deras klimatarbete, och vilka m\u00f6jligheter och risker vi ser fram\u00e5t s\u00e4ger <a id=\"ember115\" class=\"ember-view\" href=\"https:\/\/www.linkedin.com\/in\/lindhafeldin\/\">Lindha Feldin<\/a>, RO-Gruppen.<\/p>\n<p>Vi \u00e4r i b\u00f6rjan av v\u00e5r resa med klimatredovisning enligt GHG-protokollet och 2025 fokuserar vi s\u00e4rskilt p\u00e5 att f\u00e5 b\u00e4ttre koll p\u00e5 klimatp\u00e5verkan framf\u00f6r allt uppstr\u00f6ms, i v\u00e5ra leverant\u00f6rsled.<br \/>\nAtt f\u00f6rst\u00e5 och kunna agera p\u00e5 klimatdata \u00e4r avg\u00f6rande, inte bara f\u00f6r att m\u00f6ta lagkrav utan f\u00f6r att bygga ett mer robust och framtidss\u00e4krat f\u00f6retag.<\/p>\n<p>Tack <a class=\"acnGKdIqDEabHUlBMFQLJxzQBowQbjbY \" tabindex=\"0\" href=\"https:\/\/www.linkedin.com\/company\/emc-sverige\/\" target=\"_self\" rel=\"noopener\" data-test-app-aware-link=\"\">EMC (Energi- och Milj\u00f6centrum)<\/a> och <a class=\"acnGKdIqDEabHUlBMFQLJxzQBowQbjbY \" tabindex=\"0\" href=\"https:\/\/www.linkedin.com\/company\/ivl-svenska-miljoinstitutet\/\" target=\"_self\" rel=\"noopener\" data-test-app-aware-link=\"\">IVL Svenska Milj\u00f6institutet<\/a> f\u00f6r ett viktigt initiativ och en inspirerande tr\u00e4ff. S\u00e4rskilt tack till <a class=\"acnGKdIqDEabHUlBMFQLJxzQBowQbjbY \" tabindex=\"0\" href=\"https:\/\/www.linkedin.com\/company\/seb\/\" target=\"_self\" rel=\"noopener\" data-test-app-aware-link=\"\">SEB<\/a> Halland f\u00f6r fint v\u00e4rdskap och att ni delar med er av hur ni arbetar med finansiella l\u00f6sningar som st\u00f6ttar och driver p\u00e5 f\u00f6retags klimatarbete.<\/p>\n<p>(<a id=\"ember116\" class=\"ember-view\" href=\"https:\/\/www.linkedin.com\/in\/lindhafeldin\/\">Lindha<\/a>, <a id=\"ember117\" class=\"ember-view\" href=\"https:\/\/www.linkedin.com\/in\/marcus-bramer-69514917\/\">Marcus<\/a> och <a id=\"ember118\" class=\"ember-view\" href=\"https:\/\/www.linkedin.com\/in\/magnuslindberg\/\">Magnus<\/a> \u2b07\ufe0f)<\/p>\n<p><a href=\"https:\/\/www.ro-gruppen.se\/wp-content\/uploads\/2025\/06\/RO-Gruppen-deltar-i-natverket-Hallands-klimatlyft.png\"><img loading=\"lazy\" decoding=\"async\" class=\"alignnone size-medium wp-image-10077\" src=\"https:\/\/www.ro-gruppen.se\/wp-content\/uploads\/2025\/06\/RO-Gruppen-deltar-i-natverket-Hallands-klimatlyft-300x300.png\" alt=\"\" width=\"300\" height=\"300\" srcset=\"https:\/\/www.ro-gruppen.se\/wp-content\/uploads\/2025\/06\/RO-Gruppen-deltar-i-natverket-Hallands-klimatlyft-300x300.png 300w, https:\/\/www.ro-gruppen.se\/wp-content\/uploads\/2025\/06\/RO-Gruppen-deltar-i-natverket-Hallands-klimatlyft-1024x1024.png 1024w, https:\/\/www.ro-gruppen.se\/wp-content\/uploads\/2025\/06\/RO-Gruppen-deltar-i-natverket-Hallands-klimatlyft-150x150.png 150w, https:\/\/www.ro-gruppen.se\/wp-content\/uploads\/2025\/06\/RO-Gruppen-deltar-i-natverket-Hallands-klimatlyft-768x768.png 768w, https:\/\/www.ro-gruppen.se\/wp-content\/uploads\/2025\/06\/RO-Gruppen-deltar-i-natverket-Hallands-klimatlyft-210x210.png 210w, https:\/\/www.ro-gruppen.se\/wp-content\/uploads\/2025\/06\/RO-Gruppen-deltar-i-natverket-Hallands-klimatlyft-720x720.png 720w, https:\/\/www.ro-gruppen.se\/wp-content\/uploads\/2025\/06\/RO-Gruppen-deltar-i-natverket-Hallands-klimatlyft.png 1181w\" sizes=\"auto, (max-width: 300px) 100vw, 300px\" \/><\/a> <a href=\"https:\/\/www.ro-gruppen.se\/wp-content\/uploads\/2025\/06\/Hallands-klimatlyft-ny-deltagare.png\"><img loading=\"lazy\" decoding=\"async\" class=\"alignnone size-medium wp-image-10079\" src=\"https:\/\/www.ro-gruppen.se\/wp-content\/uploads\/2025\/06\/Hallands-klimatlyft-ny-deltagare-300x300.png\" alt=\"\" width=\"300\" height=\"300\" srcset=\"https:\/\/www.ro-gruppen.se\/wp-content\/uploads\/2025\/06\/Hallands-klimatlyft-ny-deltagare-300x300.png 300w, https:\/\/www.ro-gruppen.se\/wp-content\/uploads\/2025\/06\/Hallands-klimatlyft-ny-deltagare-1024x1024.png 1024w, https:\/\/www.ro-gruppen.se\/wp-content\/uploads\/2025\/06\/Hallands-klimatlyft-ny-deltagare-150x150.png 150w, https:\/\/www.ro-gruppen.se\/wp-content\/uploads\/2025\/06\/Hallands-klimatlyft-ny-deltagare-768x768.png 768w, https:\/\/www.ro-gruppen.se\/wp-content\/uploads\/2025\/06\/Hallands-klimatlyft-ny-deltagare-210x210.png 210w, https:\/\/www.ro-gruppen.se\/wp-content\/uploads\/2025\/06\/Hallands-klimatlyft-ny-deltagare-720x720.png 720w, https:\/\/www.ro-gruppen.se\/wp-content\/uploads\/2025\/06\/Hallands-klimatlyft-ny-deltagare.png 1080w\" sizes=\"auto, (max-width: 300px) 100vw, 300px\" \/><\/a><\/p>\n","protected":false},"excerpt":{"rendered":"<p>Hur p\u00e5verkar vi som bolag klimatet och hur kan klimatarbetet p\u00e5verka aff\u00e4ren? Det var huvudfr\u00e5gan n\u00e4r RO-Gruppen deltog i en tr\u00e4ff f\u00f6r aff\u00e4rsansvariga inom ramen f\u00f6r Hallands Klimatlyft &#8211; ett n\u00e4tverk f\u00f6r f\u00f6retag som satsar p\u00e5 sitt klimatarbete som en del av sin aff\u00e4rsutveckling. V\u00e5r verksamhetsutvecklare Lindha Feldin deltog tillsammans med aff\u00e4rsomr\u00e5descheferna Marcus Bramer och [&hellip;]<\/p>\n","protected":false},"author":30,"featured_media":10082,"comment_status":"open","ping_status":"open","sticky":false,"template":"","format":"standard","meta":{"_acf_changed":false,"footnotes":"","_links_to":"","_links_to_target":""},"categories":[1],"tags":[],"class_list":["post-10076","post","type-post","status-publish","format-standard","has-post-thumbnail","hentry","category-okategoriserad"],"acf":[],"_links":{"self":[{"href":"https:\/\/www.ro-gruppen.se\/en\/wp-json\/wp\/v2\/posts\/10076","targetHints":{"allow":["GET"]}}],"collection":[{"href":"https:\/\/www.ro-gruppen.se\/en\/wp-json\/wp\/v2\/posts"}],"about":[{"href":"https:\/\/www.ro-gruppen.se\/en\/wp-json\/wp\/v2\/types\/post"}],"author":[{"embeddable":true,"href":"https:\/\/www.ro-gruppen.se\/en\/wp-json\/wp\/v2\/users\/30"}],"replies":[{"embeddable":true,"href":"https:\/\/www.ro-gruppen.se\/en\/wp-json\/wp\/v2\/comments?post=10076"}],"version-history":[{"count":3,"href":"https:\/\/www.ro-gruppen.se\/en\/wp-json\/wp\/v2\/posts\/10076\/revisions"}],"predecessor-version":[{"id":10085,"href":"https:\/\/www.ro-gruppen.se\/en\/wp-json\/wp\/v2\/posts\/10076\/revisions\/10085"}],"wp:featuredmedia":[{"embeddable":true,"href":"https:\/\/www.ro-gruppen.se\/en\/wp-json\/wp\/v2\/media\/10082"}],"wp:attachment":[{"href":"https:\/\/www.ro-gruppen.se\/en\/wp-json\/wp\/v2\/media?parent=10076"}],"wp:term":[{"taxonomy":"category","embeddable":true,"href":"https:\/\/www.ro-gruppen.se\/en\/wp-json\/wp\/v2\/categories?post=10076"},{"taxonomy":"post_tag","embeddable":true,"href":"https:\/\/www.ro-gruppen.se\/en\/wp-json\/wp\/v2\/tags?post=10076"}],"curies":[{"name":"wp","href":"https:\/\/api.w.org\/{rel}","templated":true}]}}