{"id":10091,"date":"2025-06-19T12:15:29","date_gmt":"2025-06-19T12:15:29","guid":{"rendered":"https:\/\/www.ro-gruppen.se\/?p=10091"},"modified":"2025-06-19T12:15:29","modified_gmt":"2025-06-19T12:15:29","slug":"vi-pa-ro-gruppen-det-handlar-om-att-fa-utvecklas-och-att-ha-kul-pa-vagen","status":"publish","type":"post","link":"https:\/\/www.ro-gruppen.se\/en\/vi-pa-ro-gruppen-det-handlar-om-att-fa-utvecklas-och-att-ha-kul-pa-vagen\/","title":{"rendered":"Vi p\u00e5 RO-Gruppen: Det handlar om att f\u00e5 utvecklas och att ha kul p\u00e5 v\u00e4gen"},"content":{"rendered":"<p>Louise har arbetat p\u00e5 RO-Gruppen sedan 2010. Under \u00e5ren har hon haft flera olika roller, sett b\u00e5de bolaget och branschen f\u00f6r\u00e4ndras \u2013 och hittat sitt eget s\u00e4tt att trivas l\u00e5ngsiktigt. Vi tog en pratstund med henne om vad som f\u00e5r henne att stanna kvar och vad som faktiskt g\u00f6r jobbet meningsfullt, \u00e5r efter \u00e5r.<\/p>\n<p>Hur s\u00e5g din vardag ut n\u00e4r du b\u00f6rjade p\u00e5 RO-Gruppen?<br \/>\nN\u00e4r jag b\u00f6rjade 2010 var det en helt annan arbetsvardag. Vi bokf\u00f6rde leverant\u00f6rsfakturor f\u00f6r hand, anv\u00e4nde fax och fasta telefoner \u2013 det k\u00e4nns l\u00e5ngt borta idag. Mycket har f\u00f6r\u00e4ndrats sedan dess.<\/p>\n<p>Hur har din roll utvecklats genom \u00e5ren?<br \/>\nJag b\u00f6rjade som receptionist och ekonomiassistent, tog mig sedan vidare till en roll som ekonom, och arbetar idag som redovisningsekonom. Varje steg har gett mig nya utmaningar, och jag har hela tiden f\u00e5tt v\u00e4xa, t\u00e4nka nytt och forts\u00e4tta utvecklas.<\/p>\n<p>Vad \u00e4r det som g\u00f6r att du fortfarande trivs s\u00e5 bra efter s\u00e5 m\u00e5nga \u00e5r?<br \/>\nDet \u00e4r inte bara variationen i arbetsuppgifterna \u2013 det \u00e4r m\u00e4nniskorna. Kollegorna. Kulturen. Den starka gemenskapen \u00e4r n\u00e5got jag verkligen v\u00e4rdes\u00e4tter.<\/p>\n<p>Finns det n\u00e5gon kollega som har betytt extra mycket f\u00f6r dig?<br \/>\nJag vill lyfta alla mina kollegor \u2013 och lite extra de som arbetar n\u00e4rmast mig p\u00e5 ekonomiavdelningen. Varje dag levererar ni ert b\u00e4sta. Jag vill ocks\u00e5 rikta ett s\u00e4rskilt tack till <a id=\"ember1181\" class=\"ember-view\" href=\"https:\/\/www.linkedin.com\/in\/annika-eriksson-71064591\/\">Annika Eriksson<\/a>, som i sin d\u00e5varande roll som ekonomichef bokstavligen knackade p\u00e5 d\u00f6rren d\u00e4r jag arbetade och sa:<br \/>\n\u2013 Jag har precis b\u00f6rjat p\u00e5 ett nytt bolag, RO-Gruppen. Det \u00e4r tv\u00e5 drivna killar som tagit \u00f6ver och det k\u00e4nns som att det h\u00e4r kan bli en riktigt rolig resa. Skulle du vilja komma p\u00e5 en intervju? Tack f\u00f6r det, Annika!<\/p>\n<p>Avslutningsvis \u2013 vad kr\u00e4vs f\u00f6r att trivas l\u00e4nge p\u00e5 ett f\u00f6retag?<br \/>\nF\u00f6r mig handlar det om att f\u00e5 utvecklas, att ha kul p\u00e5 v\u00e4gen \u2013 och att f\u00e5 g\u00f6ra det tillsammans med m\u00e4nniskor man verkligen trivs med.<\/p>\n","protected":false},"excerpt":{"rendered":"<p>Louise har arbetat p\u00e5 RO-Gruppen sedan 2010. Under \u00e5ren har hon haft flera olika roller, sett b\u00e5de bolaget och branschen f\u00f6r\u00e4ndras \u2013 och hittat sitt eget s\u00e4tt att trivas l\u00e5ngsiktigt. Vi tog en pratstund med henne om vad som f\u00e5r henne att stanna kvar och vad som faktiskt g\u00f6r jobbet meningsfullt, \u00e5r efter \u00e5r. Hur [&hellip;]<\/p>\n","protected":false},"author":31,"featured_media":10092,"comment_status":"open","ping_status":"open","sticky":false,"template":"","format":"standard","meta":{"_acf_changed":false,"footnotes":"","_links_to":"","_links_to_target":""},"categories":[1],"tags":[],"class_list":["post-10091","post","type-post","status-publish","format-standard","has-post-thumbnail","hentry","category-okategoriserad"],"acf":[],"_links":{"self":[{"href":"https:\/\/www.ro-gruppen.se\/en\/wp-json\/wp\/v2\/posts\/10091","targetHints":{"allow":["GET"]}}],"collection":[{"href":"https:\/\/www.ro-gruppen.se\/en\/wp-json\/wp\/v2\/posts"}],"about":[{"href":"https:\/\/www.ro-gruppen.se\/en\/wp-json\/wp\/v2\/types\/post"}],"author":[{"embeddable":true,"href":"https:\/\/www.ro-gruppen.se\/en\/wp-json\/wp\/v2\/users\/31"}],"replies":[{"embeddable":true,"href":"https:\/\/www.ro-gruppen.se\/en\/wp-json\/wp\/v2\/comments?post=10091"}],"version-history":[{"count":1,"href":"https:\/\/www.ro-gruppen.se\/en\/wp-json\/wp\/v2\/posts\/10091\/revisions"}],"predecessor-version":[{"id":10094,"href":"https:\/\/www.ro-gruppen.se\/en\/wp-json\/wp\/v2\/posts\/10091\/revisions\/10094"}],"wp:featuredmedia":[{"embeddable":true,"href":"https:\/\/www.ro-gruppen.se\/en\/wp-json\/wp\/v2\/media\/10092"}],"wp:attachment":[{"href":"https:\/\/www.ro-gruppen.se\/en\/wp-json\/wp\/v2\/media?parent=10091"}],"wp:term":[{"taxonomy":"category","embeddable":true,"href":"https:\/\/www.ro-gruppen.se\/en\/wp-json\/wp\/v2\/categories?post=10091"},{"taxonomy":"post_tag","embeddable":true,"href":"https:\/\/www.ro-gruppen.se\/en\/wp-json\/wp\/v2\/tags?post=10091"}],"curies":[{"name":"wp","href":"https:\/\/api.w.org\/{rel}","templated":true}]}}