{"id":10095,"date":"2025-06-24T16:06:14","date_gmt":"2025-06-24T16:06:14","guid":{"rendered":"https:\/\/www.ro-gruppen.se\/?p=10095"},"modified":"2025-06-24T16:07:57","modified_gmt":"2025-06-24T16:07:57","slug":"ro-gruppen-bygger-nya-berghemskolan-i-jarfalla","status":"publish","type":"post","link":"https:\/\/www.ro-gruppen.se\/en\/ro-gruppen-bygger-nya-berghemskolan-i-jarfalla\/","title":{"rendered":"RO-Gruppen bygger nya Berghemskolan i J\u00e4rf\u00e4lla"},"content":{"rendered":"<p>RO-Gruppen har f\u00e5tt f\u00f6rtroendet att bygga nya Berghemskolan i J\u00e4rf\u00e4lla och projektet genomf\u00f6rs i ett partneringsamarbete i tv\u00e5 faser med J\u00e4rf\u00e4lla kommun. I f\u00f6rsta fasen genomf\u00f6rs projektering och systemhandlingar tas fram, d\u00e4refter startar produktionsfasen.<\/p>\n<p>Den nya Berghemskolan ers\u00e4tter en \u00e4ldre, uttj\u00e4nt byggnad och utg\u00f6r en viktig satsning p\u00e5 framtidens l\u00e4rmilj\u00f6er i J\u00e4rf\u00e4lla. Projektet omfattar 5\u202f600 kvadratmeter och skolan kommer ha kapacitet f\u00f6r upp till 420 elever. Undervisningslokaler, fritidshem, bibliotek, sl\u00f6jdsalar och ett tillagningsk\u00f6k f\u00f6rdelas p\u00e5 tv\u00e5 plan och i direkt anslutning byggs en idrottshall.<\/p>\n<p>Byggnaderna uppf\u00f6rs med stomme i massivtr\u00e4 och i idrottshallens fasad kommer dessutom \u00e5terbrukat tegel fr\u00e5n den gamla Berghemskolan att anv\u00e4ndas. Projektet certifieras enligt Milj\u00f6byggnad samt NollCO\u2082 \u2013 ett till\u00e4ggscertifikat som st\u00e4ller h\u00f6ga krav p\u00e5 l\u00e5gt klimatavtryck.<\/p>\n<p>\u2013 Berghemskolan \u00e4r ett projekt med tydligt fokus \u2013 b\u00e5de p\u00e5 klimatet och p\u00e5 elevernas och verksamhetens milj\u00f6. Genom att bygga med stomme i massivtr\u00e4, kombinera geoenergi och solceller samt uppfylla NollCO\u2082-certifiering minskar vi klimatbelastningen i projektet avsev\u00e4rt s\u00e4ger Lars Westman, aff\u00e4rsomr\u00e5deschef p\u00e5 RO-Gruppen.<\/p>\n<p>Uttalande fr\u00e5n J\u00e4rf\u00e4lla kommun:<\/p>\n<p>\u2013 Det h\u00e4r \u00e4r ett stort och l\u00e5ngsiktigt projekt med m\u00e5nga delar som ska fungera tillsammans &#8211; pedagogik, teknik, milj\u00f6 och utformning. Den nya Berghemskolan kommer att f\u00e5 moderna och v\u00e4lanpassade lokaler som ger eleverna de allra b\u00e4sta f\u00f6ruts\u00e4ttningarna f\u00f6r en god utbildning och utveckling. Genom ett t\u00e4tt samarbete och tydliga arbetsprocesser s\u00e4kerst\u00e4ller vi att varje del av projektet genomf\u00f6rs med h\u00f6g kvalitet.<\/p>\n<p>Projektering startar omg\u00e5ende och produktionsstart planeras till f\u00f6rsta kvartalet 2026. Inflyttning i den nya skolan planeras till 2028.<\/p>\n<p>F\u00f6r mer information, kontakta:<br \/>\nLars Westman, aff\u00e4rsomr\u00e5deschef RO-Gruppen Stockholm<br \/>\nLinkedIn: Lars Westman<br \/>\nlars.westman@ro-gruppen.se<br \/>\nTel: 0766 &#8211; 31 06 07<\/p>\n<p>&nbsp;<\/p>\n<p style=\"padding-left: 40px;\"><a href=\"https:\/\/www.ro-gruppen.se\/wp-content\/uploads\/2025\/06\/Berghemskolan-arkitekt-Witte-Sundell.png\"><img loading=\"lazy\" decoding=\"async\" class=\"alignnone wp-image-10096 size-large\" src=\"https:\/\/www.ro-gruppen.se\/wp-content\/uploads\/2025\/06\/Berghemskolan-arkitekt-Witte-Sundell-1024x612.png\" alt=\"\" width=\"1024\" height=\"612\" srcset=\"https:\/\/www.ro-gruppen.se\/wp-content\/uploads\/2025\/06\/Berghemskolan-arkitekt-Witte-Sundell-1024x612.png 1024w, https:\/\/www.ro-gruppen.se\/wp-content\/uploads\/2025\/06\/Berghemskolan-arkitekt-Witte-Sundell-300x179.png 300w, https:\/\/www.ro-gruppen.se\/wp-content\/uploads\/2025\/06\/Berghemskolan-arkitekt-Witte-Sundell-768x459.png 768w, https:\/\/www.ro-gruppen.se\/wp-content\/uploads\/2025\/06\/Berghemskolan-arkitekt-Witte-Sundell-1536x918.png 1536w, https:\/\/www.ro-gruppen.se\/wp-content\/uploads\/2025\/06\/Berghemskolan-arkitekt-Witte-Sundell-351x210.png 351w, https:\/\/www.ro-gruppen.se\/wp-content\/uploads\/2025\/06\/Berghemskolan-arkitekt-Witte-Sundell-1205x720.png 1205w, https:\/\/www.ro-gruppen.se\/wp-content\/uploads\/2025\/06\/Berghemskolan-arkitekt-Witte-Sundell.png 1884w\" sizes=\"auto, (max-width: 1024px) 100vw, 1024px\" \/><\/a><\/p>\n","protected":false},"excerpt":{"rendered":"<p>RO-Gruppen har f\u00e5tt f\u00f6rtroendet att bygga nya Berghemskolan i J\u00e4rf\u00e4lla och projektet genomf\u00f6rs i ett partneringsamarbete i tv\u00e5 faser med J\u00e4rf\u00e4lla kommun. I f\u00f6rsta fasen genomf\u00f6rs projektering och systemhandlingar tas fram, d\u00e4refter startar produktionsfasen. Den nya Berghemskolan ers\u00e4tter en \u00e4ldre, uttj\u00e4nt byggnad och utg\u00f6r en viktig satsning p\u00e5 framtidens l\u00e4rmilj\u00f6er i J\u00e4rf\u00e4lla. Projektet omfattar 5\u202f600 [&hellip;]<\/p>\n","protected":false},"author":30,"featured_media":10096,"comment_status":"open","ping_status":"open","sticky":false,"template":"","format":"standard","meta":{"_acf_changed":false,"footnotes":"","_links_to":"","_links_to_target":""},"categories":[1],"tags":[],"class_list":["post-10095","post","type-post","status-publish","format-standard","has-post-thumbnail","hentry","category-okategoriserad"],"acf":[],"_links":{"self":[{"href":"https:\/\/www.ro-gruppen.se\/en\/wp-json\/wp\/v2\/posts\/10095","targetHints":{"allow":["GET"]}}],"collection":[{"href":"https:\/\/www.ro-gruppen.se\/en\/wp-json\/wp\/v2\/posts"}],"about":[{"href":"https:\/\/www.ro-gruppen.se\/en\/wp-json\/wp\/v2\/types\/post"}],"author":[{"embeddable":true,"href":"https:\/\/www.ro-gruppen.se\/en\/wp-json\/wp\/v2\/users\/30"}],"replies":[{"embeddable":true,"href":"https:\/\/www.ro-gruppen.se\/en\/wp-json\/wp\/v2\/comments?post=10095"}],"version-history":[{"count":2,"href":"https:\/\/www.ro-gruppen.se\/en\/wp-json\/wp\/v2\/posts\/10095\/revisions"}],"predecessor-version":[{"id":10099,"href":"https:\/\/www.ro-gruppen.se\/en\/wp-json\/wp\/v2\/posts\/10095\/revisions\/10099"}],"wp:featuredmedia":[{"embeddable":true,"href":"https:\/\/www.ro-gruppen.se\/en\/wp-json\/wp\/v2\/media\/10096"}],"wp:attachment":[{"href":"https:\/\/www.ro-gruppen.se\/en\/wp-json\/wp\/v2\/media?parent=10095"}],"wp:term":[{"taxonomy":"category","embeddable":true,"href":"https:\/\/www.ro-gruppen.se\/en\/wp-json\/wp\/v2\/categories?post=10095"},{"taxonomy":"post_tag","embeddable":true,"href":"https:\/\/www.ro-gruppen.se\/en\/wp-json\/wp\/v2\/tags?post=10095"}],"curies":[{"name":"wp","href":"https:\/\/api.w.org\/{rel}","templated":true}]}}