{"id":10105,"date":"2025-07-01T05:31:17","date_gmt":"2025-07-01T05:31:17","guid":{"rendered":"https:\/\/www.ro-gruppen.se\/?p=10105"},"modified":"2025-07-01T05:31:17","modified_gmt":"2025-07-01T05:31:17","slug":"ro-gruppen-startar-nytt-affarsomrade-genom-forvarv-av-brantas-bygg-i-vetlanda","status":"publish","type":"post","link":"https:\/\/www.ro-gruppen.se\/en\/ro-gruppen-startar-nytt-affarsomrade-genom-forvarv-av-brantas-bygg-i-vetlanda\/","title":{"rendered":"RO-Gruppen startar nytt aff\u00e4rsomr\u00e5de genom f\u00f6rv\u00e4rv av Brant\u00e5s Bygg i Vetlanda"},"content":{"rendered":"<p>RO-Gruppen har f\u00f6rv\u00e4rvat Brant\u00e5s Bygg i Vetlanda av Ikano Bostad. Aff\u00e4ren \u00e4r ett strategiskt steg i RO-Gruppens ambition om att bli ett av Sveriges st\u00f6rre byggf\u00f6retag och markerar etableringen p\u00e5 \u00e4nnu en ny marknad. F\u00f6r Ikano Bostad \u00e4r f\u00f6rs\u00e4ljningen en del av bolagets p\u00e5g\u00e5ende omst\u00e4llning till en renodlad byggherreorganisation med fokus p\u00e5 projektutveckling.<\/p>\n<p>Brant\u00e5s Bygg \u00e4r ett v\u00e4letablerat entreprenad- och byggservicebolag med s\u00e4te i Vetlanda och byggprojekten utf\u00f6rs i huvudsak p\u00e5 sm\u00e5l\u00e4ndska h\u00f6glandet. Under flera \u00e5r genomf\u00f6rde Brant\u00e5s Bygg entreprenader \u00e5t Ikano Bostad men har de senaste \u00e5ren utvecklats till en renodlad byggentrepren\u00f6r med externa uppdrag &#8211; ofta med h\u00f6g teknisk komplexitet.<\/p>\n<p>\u2013 Vi har f\u00e5tt m\u00f6jlighet att f\u00f6rv\u00e4rva en v\u00e4lsk\u00f6tt verksamhet med erfarna och duktiga medarbetare som har stark lokal f\u00f6rankring. F\u00f6rv\u00e4rvet \u00e4r en l\u00e5ngsiktig satsning i linje med RO-Gruppens tillv\u00e4xtstrategi och vi ser fram emot att forts\u00e4tta v\u00e4xa och utvecklas tillsammans med dem s\u00e4ger Leif Ahlberg, VD p\u00e5 RO-Gruppen.<\/p>\n<p>Brant\u00e5s Bygg utg\u00f6r fr\u00e5n och med 30 juni 2025 ett eget aff\u00e4rsomr\u00e5de inom RO-Gruppen. Fredrik Lindgren, VD f\u00f6r Brant\u00e5s Bygg, tilltr\u00e4der som aff\u00e4rsomr\u00e5deschef. Rickard Dybelius, arbetschef p\u00e5 Brant\u00e5s Bygg, f\u00e5r rollen som bitr\u00e4dande aff\u00e4rsomr\u00e5deschef.<\/p>\n<p>\u2013 F\u00f6r oss p\u00e5 Brant\u00e5s Bygg k\u00e4nns detta v\u00e4ldigt positivt. RO-Gruppen \u00e4r en stark och l\u00e5ngsiktig \u00e4gare med v\u00e4rderingar som ligger n\u00e4ra v\u00e5ra egna. Tillsammans f\u00e5r vi b\u00e4ttre m\u00f6jligheter att utvecklas, v\u00e4xa och ta oss an fler sp\u00e4nnande projekt. Det k\u00e4nns tryggt f\u00f6r b\u00e5de medarbetare och kunder s\u00e4ger Fredrik Lindgren, aff\u00e4rsomr\u00e5deschef.<\/p>\n<p>F\u00f6rs\u00e4ljningen tr\u00e4dde i kraft den 30 juni.<\/p>\n<p>\ud83d\udcf8:<br \/>\n<a id=\"ember122\" class=\"ember-view\" href=\"https:\/\/www.linkedin.com\/in\/mikael-hallengren-a395811\/\">Mikael Hallengren<\/a> \u2013 chef Nya bost\u00e4der Sverige p\u00e5 Ikano Bostad och styrelseordf\u00f6rande Brant\u00e5s Bygg<br \/>\n<a id=\"ember123\" class=\"ember-view\" href=\"https:\/\/www.linkedin.com\/in\/p%C3%A4r-jorstadius-b6749a5\/\">P\u00e4r Jorstadius<\/a> \u2013 koncernchef RO-Gruppen<br \/>\n<a id=\"ember124\" class=\"ember-view\" href=\"https:\/\/www.linkedin.com\/in\/fredrik-lindgren-2ab078110\/\">Fredrik Lindgren<\/a> \u2013 aff\u00e4rsomr\u00e5deschef RO-Gruppen<br \/>\n<a id=\"ember125\" class=\"ember-view\" href=\"https:\/\/www.linkedin.com\/in\/leif-ahlberg-32a84995\/\">Leif Ahlberg<\/a> \u2013 VD, RO-Gruppen<br \/>\n<a id=\"ember126\" class=\"ember-view\" href=\"https:\/\/www.linkedin.com\/in\/johan-forsberg-140535183\/\">Johan Forsberg<\/a> \u2013 distriktschef Stockholm p\u00e5 Ikano Bostad och styrelseledamot Brant\u00e5s Bygg<\/p>\n<p><a href=\"https:\/\/www.ro-gruppen.se\/wp-content\/uploads\/2025\/07\/RO-Gruppen-och-Brantas-Bygg-scaled.jpg\"><img loading=\"lazy\" decoding=\"async\" class=\"alignnone wp-image-10106 size-large\" src=\"https:\/\/www.ro-gruppen.se\/wp-content\/uploads\/2025\/07\/RO-Gruppen-och-Brantas-Bygg-1024x768.jpg\" alt=\"\" width=\"1024\" height=\"768\" srcset=\"https:\/\/www.ro-gruppen.se\/wp-content\/uploads\/2025\/07\/RO-Gruppen-och-Brantas-Bygg-1024x768.jpg 1024w, https:\/\/www.ro-gruppen.se\/wp-content\/uploads\/2025\/07\/RO-Gruppen-och-Brantas-Bygg-300x225.jpg 300w, https:\/\/www.ro-gruppen.se\/wp-content\/uploads\/2025\/07\/RO-Gruppen-och-Brantas-Bygg-768x576.jpg 768w, https:\/\/www.ro-gruppen.se\/wp-content\/uploads\/2025\/07\/RO-Gruppen-och-Brantas-Bygg-1536x1152.jpg 1536w, https:\/\/www.ro-gruppen.se\/wp-content\/uploads\/2025\/07\/RO-Gruppen-och-Brantas-Bygg-2048x1536.jpg 2048w, https:\/\/www.ro-gruppen.se\/wp-content\/uploads\/2025\/07\/RO-Gruppen-och-Brantas-Bygg-280x210.jpg 280w, https:\/\/www.ro-gruppen.se\/wp-content\/uploads\/2025\/07\/RO-Gruppen-och-Brantas-Bygg-960x720.jpg 960w\" sizes=\"auto, (max-width: 1024px) 100vw, 1024px\" \/><\/a><\/p>\n","protected":false},"excerpt":{"rendered":"<p>RO-Gruppen har f\u00f6rv\u00e4rvat Brant\u00e5s Bygg i Vetlanda av Ikano Bostad. Aff\u00e4ren \u00e4r ett strategiskt steg i RO-Gruppens ambition om att bli ett av Sveriges st\u00f6rre byggf\u00f6retag och markerar etableringen p\u00e5 \u00e4nnu en ny marknad. F\u00f6r Ikano Bostad \u00e4r f\u00f6rs\u00e4ljningen en del av bolagets p\u00e5g\u00e5ende omst\u00e4llning till en renodlad byggherreorganisation med fokus p\u00e5 projektutveckling. Brant\u00e5s Bygg [&hellip;]<\/p>\n","protected":false},"author":30,"featured_media":10106,"comment_status":"open","ping_status":"open","sticky":false,"template":"","format":"standard","meta":{"_acf_changed":false,"footnotes":"","_links_to":"","_links_to_target":""},"categories":[1],"tags":[],"class_list":["post-10105","post","type-post","status-publish","format-standard","has-post-thumbnail","hentry","category-okategoriserad"],"acf":[],"_links":{"self":[{"href":"https:\/\/www.ro-gruppen.se\/en\/wp-json\/wp\/v2\/posts\/10105","targetHints":{"allow":["GET"]}}],"collection":[{"href":"https:\/\/www.ro-gruppen.se\/en\/wp-json\/wp\/v2\/posts"}],"about":[{"href":"https:\/\/www.ro-gruppen.se\/en\/wp-json\/wp\/v2\/types\/post"}],"author":[{"embeddable":true,"href":"https:\/\/www.ro-gruppen.se\/en\/wp-json\/wp\/v2\/users\/30"}],"replies":[{"embeddable":true,"href":"https:\/\/www.ro-gruppen.se\/en\/wp-json\/wp\/v2\/comments?post=10105"}],"version-history":[{"count":1,"href":"https:\/\/www.ro-gruppen.se\/en\/wp-json\/wp\/v2\/posts\/10105\/revisions"}],"predecessor-version":[{"id":10108,"href":"https:\/\/www.ro-gruppen.se\/en\/wp-json\/wp\/v2\/posts\/10105\/revisions\/10108"}],"wp:featuredmedia":[{"embeddable":true,"href":"https:\/\/www.ro-gruppen.se\/en\/wp-json\/wp\/v2\/media\/10106"}],"wp:attachment":[{"href":"https:\/\/www.ro-gruppen.se\/en\/wp-json\/wp\/v2\/media?parent=10105"}],"wp:term":[{"taxonomy":"category","embeddable":true,"href":"https:\/\/www.ro-gruppen.se\/en\/wp-json\/wp\/v2\/categories?post=10105"},{"taxonomy":"post_tag","embeddable":true,"href":"https:\/\/www.ro-gruppen.se\/en\/wp-json\/wp\/v2\/tags?post=10105"}],"curies":[{"name":"wp","href":"https:\/\/api.w.org\/{rel}","templated":true}]}}