{"id":10247,"date":"2025-09-09T07:47:57","date_gmt":"2025-09-09T07:47:57","guid":{"rendered":"https:\/\/www.ro-gruppen.se\/?p=10247"},"modified":"2025-09-09T07:47:57","modified_gmt":"2025-09-09T07:47:57","slug":"%f0%9f%94%a8-forsta-spadtaget-for-backamaden-i-grabo","status":"publish","type":"post","link":"https:\/\/www.ro-gruppen.se\/en\/%f0%9f%94%a8-forsta-spadtaget-for-backamaden-i-grabo\/","title":{"rendered":"\ud83d\udd28 F\u00f6rsta spadtaget f\u00f6r B\u00e4ckamaden i Gr\u00e5bo"},"content":{"rendered":"<p>Tillsammans med Lerums kommun och representanter fr\u00e5n politik och verksamhet markerade vi nyligen starten f\u00f6r projekt B\u00e4ckamaden. I projektet ska vi uppf\u00f6ra en tillbyggnad p\u00e5 cirka 1 600 kvm som kommer att rymma fyra nya f\u00f6rskoleavdelningar samt moderna kontorslokaler f\u00f6r hemtj\u00e4nst och hemsjukv\u00e5rd. I projektet ing\u00e5r \u00e4ven en ny utemilj\u00f6 samt en ombyggnation av befintliga lokaler. Byggnationen ska st\u00e5 f\u00e4rdig i december 2026.<\/p>\n<p>En givande samh\u00e4llsbyggnation som skapar fler platser f\u00f6r barnens l\u00e4rande och trygghet samtidigt som hemtj\u00e4nst och hemsjukv\u00e5rd f\u00e5r b\u00e4ttre m\u00f6jligheter att bedriva sin verksamhet. Vi ser framemot att f\u00f6rverkliga projektet tillsammans med Lerums kommun.<\/p>\n<p>&nbsp;<\/p>\n<p><a href=\"https:\/\/www.ro-gruppen.se\/wp-content\/uploads\/2025\/09\/IMG_5187.jpeg\"><img loading=\"lazy\" decoding=\"async\" class=\"alignnone wp-image-10248 size-large\" src=\"https:\/\/www.ro-gruppen.se\/wp-content\/uploads\/2025\/09\/IMG_5187-1024x768.jpeg\" alt=\"\" width=\"1024\" height=\"768\" srcset=\"https:\/\/www.ro-gruppen.se\/wp-content\/uploads\/2025\/09\/IMG_5187-1024x768.jpeg 1024w, https:\/\/www.ro-gruppen.se\/wp-content\/uploads\/2025\/09\/IMG_5187-300x225.jpeg 300w, https:\/\/www.ro-gruppen.se\/wp-content\/uploads\/2025\/09\/IMG_5187-768x576.jpeg 768w, https:\/\/www.ro-gruppen.se\/wp-content\/uploads\/2025\/09\/IMG_5187-1536x1152.jpeg 1536w, https:\/\/www.ro-gruppen.se\/wp-content\/uploads\/2025\/09\/IMG_5187-280x210.jpeg 280w, https:\/\/www.ro-gruppen.se\/wp-content\/uploads\/2025\/09\/IMG_5187-960x720.jpeg 960w, https:\/\/www.ro-gruppen.se\/wp-content\/uploads\/2025\/09\/IMG_5187.jpeg 2048w\" sizes=\"auto, (max-width: 1024px) 100vw, 1024px\" \/><\/a><\/p>\n","protected":false},"excerpt":{"rendered":"<p>Tillsammans med Lerums kommun och representanter fr\u00e5n politik och verksamhet markerade vi nyligen starten f\u00f6r projekt B\u00e4ckamaden. I projektet ska vi uppf\u00f6ra en tillbyggnad p\u00e5 cirka 1 600 kvm som kommer att rymma fyra nya f\u00f6rskoleavdelningar samt moderna kontorslokaler f\u00f6r hemtj\u00e4nst och hemsjukv\u00e5rd. I projektet ing\u00e5r \u00e4ven en ny utemilj\u00f6 samt en ombyggnation av befintliga [&hellip;]<\/p>\n","protected":false},"author":30,"featured_media":10248,"comment_status":"open","ping_status":"open","sticky":false,"template":"","format":"standard","meta":{"_acf_changed":false,"footnotes":"","_links_to":"","_links_to_target":""},"categories":[1],"tags":[],"class_list":["post-10247","post","type-post","status-publish","format-standard","has-post-thumbnail","hentry","category-okategoriserad"],"acf":[],"_links":{"self":[{"href":"https:\/\/www.ro-gruppen.se\/en\/wp-json\/wp\/v2\/posts\/10247","targetHints":{"allow":["GET"]}}],"collection":[{"href":"https:\/\/www.ro-gruppen.se\/en\/wp-json\/wp\/v2\/posts"}],"about":[{"href":"https:\/\/www.ro-gruppen.se\/en\/wp-json\/wp\/v2\/types\/post"}],"author":[{"embeddable":true,"href":"https:\/\/www.ro-gruppen.se\/en\/wp-json\/wp\/v2\/users\/30"}],"replies":[{"embeddable":true,"href":"https:\/\/www.ro-gruppen.se\/en\/wp-json\/wp\/v2\/comments?post=10247"}],"version-history":[{"count":1,"href":"https:\/\/www.ro-gruppen.se\/en\/wp-json\/wp\/v2\/posts\/10247\/revisions"}],"predecessor-version":[{"id":10250,"href":"https:\/\/www.ro-gruppen.se\/en\/wp-json\/wp\/v2\/posts\/10247\/revisions\/10250"}],"wp:featuredmedia":[{"embeddable":true,"href":"https:\/\/www.ro-gruppen.se\/en\/wp-json\/wp\/v2\/media\/10248"}],"wp:attachment":[{"href":"https:\/\/www.ro-gruppen.se\/en\/wp-json\/wp\/v2\/media?parent=10247"}],"wp:term":[{"taxonomy":"category","embeddable":true,"href":"https:\/\/www.ro-gruppen.se\/en\/wp-json\/wp\/v2\/categories?post=10247"},{"taxonomy":"post_tag","embeddable":true,"href":"https:\/\/www.ro-gruppen.se\/en\/wp-json\/wp\/v2\/tags?post=10247"}],"curies":[{"name":"wp","href":"https:\/\/api.w.org\/{rel}","templated":true}]}}