{"id":10267,"date":"2025-09-12T07:59:48","date_gmt":"2025-09-12T07:59:48","guid":{"rendered":"https:\/\/www.ro-gruppen.se\/?p=10267"},"modified":"2025-09-12T08:00:27","modified_gmt":"2025-09-12T08:00:27","slug":"ro-gruppen-bygger-nytt-samverkanshus-i-gallstad","status":"publish","type":"post","link":"https:\/\/www.ro-gruppen.se\/en\/ro-gruppen-bygger-nytt-samverkanshus-i-gallstad\/","title":{"rendered":"RO-Gruppen bygger nytt samverkanshus i G\u00e4llstad"},"content":{"rendered":"<p>RO-Gruppen ska p\u00e5 uppdrag av Ulricehamns kommun genomf\u00f6ra en nybyggnation av ett samverkanshus som ska rymma ett v\u00e5rd- och omsorgsboende samt en f\u00f6rskola.<\/p>\n<p>Byggnaden omfattar cirka 8 000 kvadratmeter i 1 &#8211; 3 plan och inrymmer en f\u00f6rskola med tre avdelningar f\u00f6r 120 barn samt ett \u00e4ldreboende med omkring 60 l\u00e4genheter. Flera ytor och funktioner samutnyttjas mellan verksamheterna, bland annat stork\u00f6k, restaurang och administration. Den halvcirkelformade arkitekturen skapar en inramning av den stora g\u00e5rden, som kommer bli en m\u00f6tesplats f\u00f6r b\u00e5de barn och \u00e4ldre<\/p>\n<p>\u2013 Vi \u00e4r v\u00e4ldigt glada \u00f6ver f\u00f6rtroendet fr\u00e5n Ulricehamns kommun. G\u00e4llstadg\u00e5rden \u00e4r ett viktigt samh\u00e4llsprojekt som kommer att g\u00f6ra skillnad f\u00f6r b\u00e5de \u00e4ldre och barn i kommunen s\u00e4ger Robert Kjell, aff\u00e4rsomr\u00e5deschef p\u00e5 RO-Gruppen S\u00f6dra \u00c4lvsborg.<\/p>\n<p>G\u00e4llstadg\u00e5rden byggs helt i tr\u00e4 med ett sedumtak f\u00f6rsett med solceller, l\u00f6sningar som bidrar till h\u00e5llbarhet och energieffektivitet.<\/p>\n<p>\u2013 Att projektet genomf\u00f6rs helt i tr\u00e4 och med b\u00e5de sedumtak och solceller ligger helt i linje med v\u00e5r vilja att bygga med l\u00e5gt klimatavtryck och framtidsinriktat. H\u00e4r f\u00e5r vi m\u00f6jlighet att bidra med b\u00e5de v\u00e5r kompetens och v\u00e5rt engagemang s\u00e4ger Pierre Svedberg, aff\u00e4rsomr\u00e5deschef p\u00e5 RO-Gruppen S\u00f6dra \u00c4lvsborg.<\/p>\n<p>F\u00f6rberedelserna f\u00f6r projektet startar omg\u00e5ende.<\/p>\n<p>\u2013 Att upphandlingen \u00e4r i m\u00e5l \u00e4r mycket gl\u00e4djande f\u00f6r oss som arbetat l\u00e4nge med projektet. Vi ser fram emot ett gott samarbete med RO-Gruppen s\u00e4ger Johan Abrahamsson, projektledare p\u00e5 Ulricehamns kommun.<\/p>\n<p><strong>F\u00f6r mer information, kontakta:<\/strong><\/p>\n<p>Robert Kjell, aff\u00e4rsomr\u00e5deschef RO-Gruppen<br \/>\nLinkedIn:\u00a0<a href=\"https:\/\/www.linkedin.com\/in\/robert-kjell-aa9777139\/\" target=\"_blank\" rel=\"nofollow noopener\">Robert Kjell<\/a><br \/>\nMejl: robert.kjell@ro-gruppen.se<br \/>\nTel: 0766 \u2013 31 06 19<\/p>\n<p>Pierre Svedberg, aff\u00e4rsomr\u00e5deschef RO-Gruppen<br \/>\nLinkedIn:\u00a0<a href=\"https:\/\/www.linkedin.com\/in\/pierre-svedberg-961832b8\/\" target=\"_blank\" rel=\"nofollow noopener\">Pierre Svedberg<\/a><br \/>\nMejl: pierre.svedberg@ro-gruppen.se<br \/>\nTel: 0766 \u2013 31 06 27<\/p>\n<p>&nbsp;<\/p>\n<p><a href=\"https:\/\/www.ro-gruppen.se\/wp-content\/uploads\/2025\/09\/Gallstadgarden-oversikt.jpg\"><img loading=\"lazy\" decoding=\"async\" class=\"alignnone wp-image-10270 size-large\" src=\"https:\/\/www.ro-gruppen.se\/wp-content\/uploads\/2025\/09\/Gallstadgarden-oversikt-1024x533.jpg\" alt=\"\" width=\"1024\" height=\"533\" srcset=\"https:\/\/www.ro-gruppen.se\/wp-content\/uploads\/2025\/09\/Gallstadgarden-oversikt-1024x533.jpg 1024w, https:\/\/www.ro-gruppen.se\/wp-content\/uploads\/2025\/09\/Gallstadgarden-oversikt-300x156.jpg 300w, https:\/\/www.ro-gruppen.se\/wp-content\/uploads\/2025\/09\/Gallstadgarden-oversikt-768x400.jpg 768w, https:\/\/www.ro-gruppen.se\/wp-content\/uploads\/2025\/09\/Gallstadgarden-oversikt-1536x800.jpg 1536w, https:\/\/www.ro-gruppen.se\/wp-content\/uploads\/2025\/09\/Gallstadgarden-oversikt-376x196.jpg 376w, https:\/\/www.ro-gruppen.se\/wp-content\/uploads\/2025\/09\/Gallstadgarden-oversikt-1320x688.jpg 1320w, https:\/\/www.ro-gruppen.se\/wp-content\/uploads\/2025\/09\/Gallstadgarden-oversikt.jpg 1920w\" sizes=\"auto, (max-width: 1024px) 100vw, 1024px\" \/><\/a><\/p>\n<p><a href=\"https:\/\/www.ro-gruppen.se\/wp-content\/uploads\/2025\/09\/Gallstadgarden-innergard.jpg\"><img loading=\"lazy\" decoding=\"async\" class=\"alignnone wp-image-10268 size-large\" src=\"https:\/\/www.ro-gruppen.se\/wp-content\/uploads\/2025\/09\/Gallstadgarden-innergard-1024x717.jpg\" alt=\"\" width=\"1024\" height=\"717\" srcset=\"https:\/\/www.ro-gruppen.se\/wp-content\/uploads\/2025\/09\/Gallstadgarden-innergard-1024x717.jpg 1024w, https:\/\/www.ro-gruppen.se\/wp-content\/uploads\/2025\/09\/Gallstadgarden-innergard-300x210.jpg 300w, https:\/\/www.ro-gruppen.se\/wp-content\/uploads\/2025\/09\/Gallstadgarden-innergard-768x537.jpg 768w, https:\/\/www.ro-gruppen.se\/wp-content\/uploads\/2025\/09\/Gallstadgarden-innergard-1029x720.jpg 1029w, https:\/\/www.ro-gruppen.se\/wp-content\/uploads\/2025\/09\/Gallstadgarden-innergard.jpg 1366w\" sizes=\"auto, (max-width: 1024px) 100vw, 1024px\" \/><\/a><\/p>\n<p>&nbsp;<\/p>\n<p>&nbsp;<\/p>\n<p>\ud83d\uddbc\ufe0f:\u00a0Wahlstr\u00f6m &amp; Steijner Arkitekter AB<\/p>\n<div class=\"panel__body\">\n<p class=\"type__date\">\n<\/div>\n","protected":false},"excerpt":{"rendered":"<p>RO-Gruppen ska p\u00e5 uppdrag av Ulricehamns kommun genomf\u00f6ra en nybyggnation av ett samverkanshus som ska rymma ett v\u00e5rd- och omsorgsboende samt en f\u00f6rskola. Byggnaden omfattar cirka 8 000 kvadratmeter i 1 &#8211; 3 plan och inrymmer en f\u00f6rskola med tre avdelningar f\u00f6r 120 barn samt ett \u00e4ldreboende med omkring 60 l\u00e4genheter. Flera ytor och funktioner [&hellip;]<\/p>\n","protected":false},"author":30,"featured_media":10268,"comment_status":"open","ping_status":"open","sticky":false,"template":"","format":"standard","meta":{"_acf_changed":false,"footnotes":"","_links_to":"","_links_to_target":""},"categories":[1],"tags":[],"class_list":["post-10267","post","type-post","status-publish","format-standard","has-post-thumbnail","hentry","category-okategoriserad"],"acf":[],"_links":{"self":[{"href":"https:\/\/www.ro-gruppen.se\/en\/wp-json\/wp\/v2\/posts\/10267","targetHints":{"allow":["GET"]}}],"collection":[{"href":"https:\/\/www.ro-gruppen.se\/en\/wp-json\/wp\/v2\/posts"}],"about":[{"href":"https:\/\/www.ro-gruppen.se\/en\/wp-json\/wp\/v2\/types\/post"}],"author":[{"embeddable":true,"href":"https:\/\/www.ro-gruppen.se\/en\/wp-json\/wp\/v2\/users\/30"}],"replies":[{"embeddable":true,"href":"https:\/\/www.ro-gruppen.se\/en\/wp-json\/wp\/v2\/comments?post=10267"}],"version-history":[{"count":2,"href":"https:\/\/www.ro-gruppen.se\/en\/wp-json\/wp\/v2\/posts\/10267\/revisions"}],"predecessor-version":[{"id":10273,"href":"https:\/\/www.ro-gruppen.se\/en\/wp-json\/wp\/v2\/posts\/10267\/revisions\/10273"}],"wp:featuredmedia":[{"embeddable":true,"href":"https:\/\/www.ro-gruppen.se\/en\/wp-json\/wp\/v2\/media\/10268"}],"wp:attachment":[{"href":"https:\/\/www.ro-gruppen.se\/en\/wp-json\/wp\/v2\/media?parent=10267"}],"wp:term":[{"taxonomy":"category","embeddable":true,"href":"https:\/\/www.ro-gruppen.se\/en\/wp-json\/wp\/v2\/categories?post=10267"},{"taxonomy":"post_tag","embeddable":true,"href":"https:\/\/www.ro-gruppen.se\/en\/wp-json\/wp\/v2\/tags?post=10267"}],"curies":[{"name":"wp","href":"https:\/\/api.w.org\/{rel}","templated":true}]}}