{"id":10471,"date":"2025-09-18T13:17:12","date_gmt":"2025-09-18T13:17:12","guid":{"rendered":"https:\/\/www.ro-gruppen.se\/?p=10471"},"modified":"2025-09-18T13:18:32","modified_gmt":"2025-09-18T13:18:32","slug":"vi-pa-ro-ny-pa-jobbet-fran-praktik-till-anstallning","status":"publish","type":"post","link":"https:\/\/www.ro-gruppen.se\/en\/vi-pa-ro-ny-pa-jobbet-fran-praktik-till-anstallning\/","title":{"rendered":"Vi p\u00e5 RO: Ny p\u00e5 jobbet \u2013 fr\u00e5n praktik till anst\u00e4llning."},"content":{"rendered":"<div class=\"ITPLwpseAzODRoiGKjblcbPxLpjnXzzzRNGqw\" tabindex=\"-1\">\n<div class=\"feed-shared-inline-show-more-text feed-shared-update-v2__description feed-shared-inline-show-more-text--minimal-padding feed-shared-inline-show-more-text--3-lines feed-shared-inline-show-more-text--expanded \" tabindex=\"-1\" data-artdeco-is-focused=\"true\">\n<div class=\"update-components-text relative update-components-update-v2__commentary \" dir=\"ltr\">\n<p><span class=\"break-words tvm-parent-container\"><span dir=\"ltr\">M\u00f6t <a id=\"ember1240\" class=\"ember-view\" tabindex=\"0\" href=\"https:\/\/www.linkedin.com\/in\/filip-wiss-87a880226\/\">Filip Wiss<\/a>, en av RO-Gruppens nya arbetsledare.<\/span><\/span><\/p>\n<p>N\u00e4r b\u00f6rjade du p\u00e5 RO-Gruppen?<br \/>\nJag b\u00f6rjade den 1 juli 2025, men min resa hos RO startade redan under min praktik h\u00f6sten 2023.<\/p>\n<p>Vad gjorde du under din praktik?<br \/>\nJag fick bland annat ansvara f\u00f6r dagbok och veckobrev, uppr\u00e4tta tv\u00e5veckors-tidplan och APD-plan, vara med vid gjutning av platta, stomresning, f\u00f6nstermontage och provtryckning. Praktiken ledde sedan vidare till en sommaranst\u00e4llning d\u00e4r jag fick vara med och f\u00e4rdigst\u00e4lla projektet och \u00e5tg\u00e4rda besiktningsanm\u00e4rkningar.<\/p>\n<p>Vilken utbildning har du g\u00e5tt?<br \/>\nByggingenj\u00f6r p\u00e5 H\u00f6gskolan i Bor\u00e5s.<\/p>\n<p>Varf\u00f6r valde du just den utbildningen?<br \/>\nByggingenj\u00f6rsprogrammet k\u00e4ndes r\u00e4tt eftersom jag alltid fascinerats av byggnation \u2013 och f\u00f6r att jag gillar lagarbete, att n\u00e5 m\u00e5l tillsammans och skapa starka resultat.<\/p>\n<p>Varf\u00f6r valde du RO-Gruppen?<br \/>\nJag stortrivdes under praktik och sommarjobb. Efter att ha f\u00e5tt prova p\u00e5 kulturen och lagsammanh\u00e5llningen var det sj\u00e4lvklart f\u00f6r mig att det var h\u00e4r jag ville forts\u00e4tta utvecklas.<\/p>\n<p>Vad g\u00f6r du i din roll idag?<br \/>\nJag arbetar som arbetsledare p\u00e5 projektet i Nordstan i G\u00f6teborg. H\u00e4r ansvarar jag f\u00f6r allt fr\u00e5n arbetsmilj\u00f6planer, riskanalyser och arbetsledning till planering av resurser och ink\u00f6p. Och s\u00e5 ser jag till att kaffet \u00e4r klart p\u00e5 morgonen! \u2615<\/p>\n<p>Vi \u00e4r glada att ha dig i laget Filip, v\u00e4lkommen!<\/p>\n<\/div>\n<\/div>\n<\/div>\n<div class=\"update-components-image update-components-image--single-image feed-shared-update-v2__content\">\n<div class=\"update-components-image__container-wrapper relative\">\n<div class=\"update-components-image__container \"><a href=\"https:\/\/www.ro-gruppen.se\/wp-content\/uploads\/2025\/09\/Filip-Wiss-RO-Gruppen.png\"><img loading=\"lazy\" decoding=\"async\" class=\"alignnone size-medium wp-image-10472\" src=\"https:\/\/www.ro-gruppen.se\/wp-content\/uploads\/2025\/09\/Filip-Wiss-RO-Gruppen-300x300.png\" alt=\"\" width=\"300\" height=\"300\" srcset=\"https:\/\/www.ro-gruppen.se\/wp-content\/uploads\/2025\/09\/Filip-Wiss-RO-Gruppen-300x300.png 300w, https:\/\/www.ro-gruppen.se\/wp-content\/uploads\/2025\/09\/Filip-Wiss-RO-Gruppen-1024x1024.png 1024w, https:\/\/www.ro-gruppen.se\/wp-content\/uploads\/2025\/09\/Filip-Wiss-RO-Gruppen-150x150.png 150w, https:\/\/www.ro-gruppen.se\/wp-content\/uploads\/2025\/09\/Filip-Wiss-RO-Gruppen-768x768.png 768w, https:\/\/www.ro-gruppen.se\/wp-content\/uploads\/2025\/09\/Filip-Wiss-RO-Gruppen-210x210.png 210w, https:\/\/www.ro-gruppen.se\/wp-content\/uploads\/2025\/09\/Filip-Wiss-RO-Gruppen-720x720.png 720w, https:\/\/www.ro-gruppen.se\/wp-content\/uploads\/2025\/09\/Filip-Wiss-RO-Gruppen.png 1200w\" sizes=\"auto, (max-width: 300px) 100vw, 300px\" \/><\/a><\/div>\n<\/div>\n<\/div>\n","protected":false},"excerpt":{"rendered":"<p>M\u00f6t Filip Wiss, en av RO-Gruppens nya arbetsledare. N\u00e4r b\u00f6rjade du p\u00e5 RO-Gruppen? Jag b\u00f6rjade den 1 juli 2025, men min resa hos RO startade redan under min praktik h\u00f6sten 2023. Vad gjorde du under din praktik? Jag fick bland annat ansvara f\u00f6r dagbok och veckobrev, uppr\u00e4tta tv\u00e5veckors-tidplan och APD-plan, vara med vid gjutning av [&hellip;]<\/p>\n","protected":false},"author":31,"featured_media":10472,"comment_status":"open","ping_status":"open","sticky":false,"template":"","format":"standard","meta":{"_acf_changed":false,"footnotes":"","_links_to":"","_links_to_target":""},"categories":[1],"tags":[],"class_list":["post-10471","post","type-post","status-publish","format-standard","has-post-thumbnail","hentry","category-okategoriserad"],"acf":[],"_links":{"self":[{"href":"https:\/\/www.ro-gruppen.se\/en\/wp-json\/wp\/v2\/posts\/10471","targetHints":{"allow":["GET"]}}],"collection":[{"href":"https:\/\/www.ro-gruppen.se\/en\/wp-json\/wp\/v2\/posts"}],"about":[{"href":"https:\/\/www.ro-gruppen.se\/en\/wp-json\/wp\/v2\/types\/post"}],"author":[{"embeddable":true,"href":"https:\/\/www.ro-gruppen.se\/en\/wp-json\/wp\/v2\/users\/31"}],"replies":[{"embeddable":true,"href":"https:\/\/www.ro-gruppen.se\/en\/wp-json\/wp\/v2\/comments?post=10471"}],"version-history":[{"count":2,"href":"https:\/\/www.ro-gruppen.se\/en\/wp-json\/wp\/v2\/posts\/10471\/revisions"}],"predecessor-version":[{"id":10475,"href":"https:\/\/www.ro-gruppen.se\/en\/wp-json\/wp\/v2\/posts\/10471\/revisions\/10475"}],"wp:featuredmedia":[{"embeddable":true,"href":"https:\/\/www.ro-gruppen.se\/en\/wp-json\/wp\/v2\/media\/10472"}],"wp:attachment":[{"href":"https:\/\/www.ro-gruppen.se\/en\/wp-json\/wp\/v2\/media?parent=10471"}],"wp:term":[{"taxonomy":"category","embeddable":true,"href":"https:\/\/www.ro-gruppen.se\/en\/wp-json\/wp\/v2\/categories?post=10471"},{"taxonomy":"post_tag","embeddable":true,"href":"https:\/\/www.ro-gruppen.se\/en\/wp-json\/wp\/v2\/tags?post=10471"}],"curies":[{"name":"wp","href":"https:\/\/api.w.org\/{rel}","templated":true}]}}