{"id":10530,"date":"2025-10-02T07:25:35","date_gmt":"2025-10-02T07:25:35","guid":{"rendered":"https:\/\/www.ro-gruppen.se\/ro-gruppen-bygger-nytt-huvudkontor-till-craft\/"},"modified":"2025-10-02T07:25:35","modified_gmt":"2025-10-02T07:25:35","slug":"ro-gruppen-bygger-nytt-huvudkontor-till-craft","status":"publish","type":"post","link":"https:\/\/www.ro-gruppen.se\/en\/ro-gruppen-bygger-nytt-huvudkontor-till-craft\/","title":{"rendered":"RO-Gruppen bygger nytt huvudkontor till Craft"},"content":{"rendered":"<p>I n\u00e4ra samverkan med Pulsen Fastigheter AB bygger vi om befintliga lagerlokaler i Pulsen-omr\u00e5det till Crafts nya huvudkontor \u2013 mitt i centrala Bor\u00e5s och p\u00e5 samma plats d\u00e4r varum\u00e4rkets historia en g\u00e5ng b\u00f6rjade.<\/p>\n<p>Den 2 400 kvadratmeter stora lokalen f\u00e5r, ut\u00f6ver \u00e4ndam\u00e5lsenliga arbetsmilj\u00f6er, \u00e4ven nya f\u00f6nster och ett stort glastak.<\/p>\n<p>\u2013 Craft \u00e4r ett starkt varum\u00e4rke med r\u00f6tterna i Bor\u00e5s. Att vi f\u00e5r vara med och utveckla deras nya kontor just h\u00e4r \u00e4r b\u00e5de givande och roligt. I n\u00e4ra samarbete med dem och Pulsen skapar vi moderna arbetsmilj\u00f6er d\u00e4r varum\u00e4rket kan forts\u00e4tta v\u00e4xa s\u00e4ger Andreas Atleberger, projektchef p\u00e5 RO-Gruppen.<\/p>\n<p>Projektet visar hur befintliga lokaler kan utvecklas till moderna och funktionella arbetsmilj\u00f6er \u2013 l\u00f6sningar som fungerar i vardagen och samtidigt ger utrymme f\u00f6r framtida behov.<\/p>\n<p>Inflyttning planeras till sommaren 2026.<\/p>\n<p>\ud83d\uddbc\ufe0f: Pulsen Fastigheter<\/p>\n<p>&nbsp;<\/p>\n<p><a href=\"https:\/\/www.ro-gruppen.se\/wp-content\/uploads\/2025\/10\/Crafts-nya-huvudkontor-i-Boras_Pulsen-Fastigheter.webp\"><img loading=\"lazy\" decoding=\"async\" class=\"alignnone wp-image-10527 size-large\" src=\"https:\/\/www.ro-gruppen.se\/wp-content\/uploads\/2025\/10\/Crafts-nya-huvudkontor-i-Boras_Pulsen-Fastigheter-1024x577.webp\" alt=\"\" width=\"1024\" height=\"577\" srcset=\"https:\/\/www.ro-gruppen.se\/wp-content\/uploads\/2025\/10\/Crafts-nya-huvudkontor-i-Boras_Pulsen-Fastigheter-1024x577.webp 1024w, https:\/\/www.ro-gruppen.se\/wp-content\/uploads\/2025\/10\/Crafts-nya-huvudkontor-i-Boras_Pulsen-Fastigheter-300x169.webp 300w, https:\/\/www.ro-gruppen.se\/wp-content\/uploads\/2025\/10\/Crafts-nya-huvudkontor-i-Boras_Pulsen-Fastigheter-768x432.webp 768w, https:\/\/www.ro-gruppen.se\/wp-content\/uploads\/2025\/10\/Crafts-nya-huvudkontor-i-Boras_Pulsen-Fastigheter-373x210.webp 373w, https:\/\/www.ro-gruppen.se\/wp-content\/uploads\/2025\/10\/Crafts-nya-huvudkontor-i-Boras_Pulsen-Fastigheter.webp 1190w\" sizes=\"auto, (max-width: 1024px) 100vw, 1024px\" \/><\/a><\/p>\n<p>&nbsp;<\/p>\n","protected":false},"excerpt":{"rendered":"<p>I n\u00e4ra samverkan med Pulsen Fastigheter AB bygger vi om befintliga lagerlokaler i Pulsen-omr\u00e5det till Crafts nya huvudkontor \u2013 mitt i centrala Bor\u00e5s och p\u00e5 samma plats d\u00e4r varum\u00e4rkets historia en g\u00e5ng b\u00f6rjade. Den 2 400 kvadratmeter stora lokalen f\u00e5r, ut\u00f6ver \u00e4ndam\u00e5lsenliga arbetsmilj\u00f6er, \u00e4ven nya f\u00f6nster och ett stort glastak. \u2013 Craft \u00e4r ett starkt [&hellip;]<\/p>\n","protected":false},"author":30,"featured_media":10523,"comment_status":"open","ping_status":"open","sticky":false,"template":"","format":"standard","meta":{"_acf_changed":false,"footnotes":"","_links_to":"","_links_to_target":""},"categories":[84],"tags":[],"class_list":["post-10530","post","type-post","status-publish","format-standard","has-post-thumbnail","hentry","category-uncategorized"],"acf":[],"_links":{"self":[{"href":"https:\/\/www.ro-gruppen.se\/en\/wp-json\/wp\/v2\/posts\/10530","targetHints":{"allow":["GET"]}}],"collection":[{"href":"https:\/\/www.ro-gruppen.se\/en\/wp-json\/wp\/v2\/posts"}],"about":[{"href":"https:\/\/www.ro-gruppen.se\/en\/wp-json\/wp\/v2\/types\/post"}],"author":[{"embeddable":true,"href":"https:\/\/www.ro-gruppen.se\/en\/wp-json\/wp\/v2\/users\/30"}],"replies":[{"embeddable":true,"href":"https:\/\/www.ro-gruppen.se\/en\/wp-json\/wp\/v2\/comments?post=10530"}],"version-history":[{"count":0,"href":"https:\/\/www.ro-gruppen.se\/en\/wp-json\/wp\/v2\/posts\/10530\/revisions"}],"wp:featuredmedia":[{"embeddable":true,"href":"https:\/\/www.ro-gruppen.se\/en\/wp-json\/wp\/v2\/media\/10523"}],"wp:attachment":[{"href":"https:\/\/www.ro-gruppen.se\/en\/wp-json\/wp\/v2\/media?parent=10530"}],"wp:term":[{"taxonomy":"category","embeddable":true,"href":"https:\/\/www.ro-gruppen.se\/en\/wp-json\/wp\/v2\/categories?post=10530"},{"taxonomy":"post_tag","embeddable":true,"href":"https:\/\/www.ro-gruppen.se\/en\/wp-json\/wp\/v2\/tags?post=10530"}],"curies":[{"name":"wp","href":"https:\/\/api.w.org\/{rel}","templated":true}]}}