{"id":10795,"date":"2025-11-17T09:16:36","date_gmt":"2025-11-17T09:16:36","guid":{"rendered":"https:\/\/www.ro-gruppen.se\/?p=10795"},"modified":"2025-11-18T13:02:37","modified_gmt":"2025-11-18T13:02:37","slug":"ro-gruppen-fortsatter-att-vara-ett-av-sveriges-karriarforetag-2","status":"publish","type":"post","link":"https:\/\/www.ro-gruppen.se\/en\/ro-gruppen-fortsatter-att-vara-ett-av-sveriges-karriarforetag-2\/","title":{"rendered":"RO-Gruppen forts\u00e4tter att vara ett av Sveriges Karri\u00e4rf\u00f6retag"},"content":{"rendered":"<p><a href=\"https:\/\/www.ro-gruppen.se\/wp-content\/uploads\/2025\/11\/Logga-Bagde-2026-scaled.png\"><img loading=\"lazy\" decoding=\"async\" class=\"alignnone size-medium wp-image-10793\" src=\"https:\/\/www.ro-gruppen.se\/wp-content\/uploads\/2025\/11\/Logga-Bagde-2026-300x300.png\" alt=\"\" width=\"100\" height=\"100\" srcset=\"https:\/\/www.ro-gruppen.se\/wp-content\/uploads\/2025\/11\/Logga-Bagde-2026-300x300.png 300w, https:\/\/www.ro-gruppen.se\/wp-content\/uploads\/2025\/11\/Logga-Bagde-2026-1024x1024.png 1024w, https:\/\/www.ro-gruppen.se\/wp-content\/uploads\/2025\/11\/Logga-Bagde-2026-150x150.png 150w, https:\/\/www.ro-gruppen.se\/wp-content\/uploads\/2025\/11\/Logga-Bagde-2026-768x768.png 768w, https:\/\/www.ro-gruppen.se\/wp-content\/uploads\/2025\/11\/Logga-Bagde-2026-1536x1536.png 1536w, https:\/\/www.ro-gruppen.se\/wp-content\/uploads\/2025\/11\/Logga-Bagde-2026-2048x2048.png 2048w, https:\/\/www.ro-gruppen.se\/wp-content\/uploads\/2025\/11\/Logga-Bagde-2026-210x210.png 210w, https:\/\/www.ro-gruppen.se\/wp-content\/uploads\/2025\/11\/Logga-Bagde-2026-720x720.png 720w\" sizes=\"auto, (max-width: 100px) 100vw, 100px\" \/><\/a><\/p>\n<p>Den 17 november tilldelades vi utm\u00e4rkelsen Karri\u00e4rf\u00f6retag 2026. Det inneb\u00e4r att vi \u00e4nnu en g\u00e5ng lyfts fram som en arbetsgivare som erbjuder goda m\u00f6jligheter till utveckling och karri\u00e4r f\u00f6r v\u00e5ra medarbetare.<\/p>\n<p><strong>Juryns motivering:<\/strong><br \/>\n<em>RO-Gruppen utses till Karri\u00e4rf\u00f6retag 2026 tack vare sin f\u00f6rm\u00e5ga att erbjuda tydliga karri\u00e4rv\u00e4gar och kontinuerligt l\u00e4rande som ger goda m\u00f6jligheter till utveckling. Genom ett ledarskap som v\u00e4rdes\u00e4tter samarbete och ansvarstagande f\u00e5r medarbetare utrymme att v\u00e4xa och bidra. Den stabila och l\u00e5ngsiktiga verksamheten g\u00f6r RO-Gruppen till en naturlig plats f\u00f6r den som vill bygga en h\u00e5llbar karri\u00e4r.<\/em><\/p>\n<p>\u2013 Vi ser hur v\u00e5r f\u00f6retagskultur skapar engagemang och arbetsgl\u00e4dje. N\u00e4r v\u00e5ra medarbetare trivs och utvecklas blir vi en starkare organisation som kan leverera kvalitet och l\u00e5ngsiktighet &#8211; n\u00e5got som \u00e4r v\u00e4rdefullt f\u00f6r oss och f\u00f6r v\u00e5ra kunder s\u00e4ger Maria Sigfridson, Chef People &amp; Culture.<\/p>\n<p><strong>En stark kultur skapar framg\u00e5ng och kundnytta<br \/>\n<\/strong>N\u00e4r v\u00e5ra medarbetare m\u00e5r bra, v\u00e4xer och k\u00e4nner sig trygga m\u00e4rks det i varje projekt och i varje samarbete. En attraktiv, trygg och utvecklande arbetsplats g\u00f6r att vi kan attrahera och v\u00e4xa med de b\u00e4sta i branschen \u2013 och i f\u00f6rl\u00e4ngningen leverera starka projektresultat och forts\u00e4tta bygga bolaget fram\u00e5t.<\/p>\n<p><em>Ett bra f\u00f6retag att arbeta p\u00e5, \u00e4r ett bra f\u00f6retag att arbeta med.<\/em><\/p>\n<p>Vi har funnits p\u00e5 listan sedan 2022 och har \u00e4ven tilldelats utm\u00e4rkelser som \u201dTopp 10 Young Professionals 2022\u201d och \u201d\u00c5rets HR-direkt\u00f6r 2022\u201d.<\/p>\n<p><b>V\u00e5ra medarbetare ber\u00e4ttar om sin karri\u00e4r p\u00e5 RO-Gruppen<br \/>\n<\/b>David, Louise, Filip, Luis och Rickard ber\u00e4ttar om sina <a href=\"https:\/\/www.ro-gruppen.se\/vi-pa-ro\/medarbetarportratt\/\" target=\"_blank\" rel=\"noopener\">karri\u00e4rer p\u00e5 RO-Gruppen \u2192<\/a><\/p>\n<p>&nbsp;<\/p>\n<p><a href=\"https:\/\/www.ro-gruppen.se\/wp-content\/uploads\/2025\/11\/RO-Gruppen_Karriarforetag_2026_header-1-scaled.jpg\"><img loading=\"lazy\" decoding=\"async\" class=\"alignnone wp-image-10797 size-large\" src=\"https:\/\/www.ro-gruppen.se\/wp-content\/uploads\/2025\/11\/RO-Gruppen_Karriarforetag_2026_header-1-1024x586.jpg\" alt=\"\" width=\"1024\" height=\"586\" srcset=\"https:\/\/www.ro-gruppen.se\/wp-content\/uploads\/2025\/11\/RO-Gruppen_Karriarforetag_2026_header-1-1024x586.jpg 1024w, https:\/\/www.ro-gruppen.se\/wp-content\/uploads\/2025\/11\/RO-Gruppen_Karriarforetag_2026_header-1-300x172.jpg 300w, https:\/\/www.ro-gruppen.se\/wp-content\/uploads\/2025\/11\/RO-Gruppen_Karriarforetag_2026_header-1-768x439.jpg 768w, https:\/\/www.ro-gruppen.se\/wp-content\/uploads\/2025\/11\/RO-Gruppen_Karriarforetag_2026_header-1-1536x879.jpg 1536w, https:\/\/www.ro-gruppen.se\/wp-content\/uploads\/2025\/11\/RO-Gruppen_Karriarforetag_2026_header-1-2048x1172.jpg 2048w, https:\/\/www.ro-gruppen.se\/wp-content\/uploads\/2025\/11\/RO-Gruppen_Karriarforetag_2026_header-1-367x210.jpg 367w, https:\/\/www.ro-gruppen.se\/wp-content\/uploads\/2025\/11\/RO-Gruppen_Karriarforetag_2026_header-1-1259x720.jpg 1259w\" sizes=\"auto, (max-width: 1024px) 100vw, 1024px\" \/><\/a><\/p>\n","protected":false},"excerpt":{"rendered":"<p>Den 17 november tilldelades vi utm\u00e4rkelsen Karri\u00e4rf\u00f6retag 2026. Det inneb\u00e4r att vi \u00e4nnu en g\u00e5ng lyfts fram som en arbetsgivare som erbjuder goda m\u00f6jligheter till utveckling och karri\u00e4r f\u00f6r v\u00e5ra medarbetare. Juryns motivering: RO-Gruppen utses till Karri\u00e4rf\u00f6retag 2026 tack vare sin f\u00f6rm\u00e5ga att erbjuda tydliga karri\u00e4rv\u00e4gar och kontinuerligt l\u00e4rande som ger goda m\u00f6jligheter till utveckling. [&hellip;]<\/p>\n","protected":false},"author":30,"featured_media":10797,"comment_status":"open","ping_status":"open","sticky":false,"template":"","format":"standard","meta":{"_acf_changed":false,"footnotes":"","_links_to":"","_links_to_target":""},"categories":[1],"tags":[],"class_list":["post-10795","post","type-post","status-publish","format-standard","has-post-thumbnail","hentry","category-okategoriserad"],"acf":[],"_links":{"self":[{"href":"https:\/\/www.ro-gruppen.se\/en\/wp-json\/wp\/v2\/posts\/10795","targetHints":{"allow":["GET"]}}],"collection":[{"href":"https:\/\/www.ro-gruppen.se\/en\/wp-json\/wp\/v2\/posts"}],"about":[{"href":"https:\/\/www.ro-gruppen.se\/en\/wp-json\/wp\/v2\/types\/post"}],"author":[{"embeddable":true,"href":"https:\/\/www.ro-gruppen.se\/en\/wp-json\/wp\/v2\/users\/30"}],"replies":[{"embeddable":true,"href":"https:\/\/www.ro-gruppen.se\/en\/wp-json\/wp\/v2\/comments?post=10795"}],"version-history":[{"count":4,"href":"https:\/\/www.ro-gruppen.se\/en\/wp-json\/wp\/v2\/posts\/10795\/revisions"}],"predecessor-version":[{"id":10816,"href":"https:\/\/www.ro-gruppen.se\/en\/wp-json\/wp\/v2\/posts\/10795\/revisions\/10816"}],"wp:featuredmedia":[{"embeddable":true,"href":"https:\/\/www.ro-gruppen.se\/en\/wp-json\/wp\/v2\/media\/10797"}],"wp:attachment":[{"href":"https:\/\/www.ro-gruppen.se\/en\/wp-json\/wp\/v2\/media?parent=10795"}],"wp:term":[{"taxonomy":"category","embeddable":true,"href":"https:\/\/www.ro-gruppen.se\/en\/wp-json\/wp\/v2\/categories?post=10795"},{"taxonomy":"post_tag","embeddable":true,"href":"https:\/\/www.ro-gruppen.se\/en\/wp-json\/wp\/v2\/tags?post=10795"}],"curies":[{"name":"wp","href":"https:\/\/api.w.org\/{rel}","templated":true}]}}