{"id":10827,"date":"2025-11-25T10:34:54","date_gmt":"2025-11-25T10:34:54","guid":{"rendered":"https:\/\/www.ro-gruppen.se\/?p=10827"},"modified":"2025-11-25T10:34:54","modified_gmt":"2025-11-25T10:34:54","slug":"vi-pa-ro-mot-rickard-johansson-platschef-pa-ro-gruppen","status":"publish","type":"post","link":"https:\/\/www.ro-gruppen.se\/en\/vi-pa-ro-mot-rickard-johansson-platschef-pa-ro-gruppen\/","title":{"rendered":"Vi p\u00e5 RO: M\u00f6t Rickard Johansson, platschef p\u00e5 RO-Gruppen"},"content":{"rendered":"<p>Rickard Johansson b\u00f6rjade sin resa p\u00e5 RO-Gruppen redan 2015, d\u00e5 som praktikant. Efter en l\u00e4rorik period fick han anst\u00e4llning sommaren d\u00e4rp\u00e5, i juni 2016. Han inledde sin karri\u00e4r som arbetsledare och har sedan v\u00e5ren 2017 haft rollen som platschef. Under hela sin tid i f\u00f6retaget har Rickard varit verksam i G\u00f6teborg, d\u00e4r han idag leder sina projekt med b\u00e5de erfarenhet och engagemang.<\/p>\n<p>Vad \u00e4r det som g\u00f6r att du trivts s\u00e5 l\u00e4nge p\u00e5 RO-Gruppen?<br \/>\nFramf\u00f6r allt alla fina kollegor som alltid st\u00e4ller upp f\u00f6r varandra. Jag uppskattar \u00e4ven alla resor och event vi g\u00f6r tillsammans \u2013 de skapar gemenskap och lagk\u00e4nsla. Det k\u00e4nns ocks\u00e5 viktigt att arbeta i ett f\u00f6retag som delar mina v\u00e4rderingar och ser m\u00e4nniskan bakom varje roll.<\/p>\n<p>Vilken kollega vill du lyfta lite extra och varf\u00f6r?<br \/>\nJag vill lyfta fram <a id=\"ember854\" class=\"ember-view\" tabindex=\"0\" href=\"https:\/\/www.linkedin.com\/in\/fredrik-fallesen-68419b168\/\">Fredrik Fallesen<\/a>. Han \u00e4r en otroligt kunnig och kompetent kollega som alltid st\u00e4ller upp f\u00f6r mig. Vi kan prata om det mesta \u2013 b\u00e5de n\u00e4r det g\u00e4ller jobbet och privat \u2013 och det betyder mycket.<\/p>\n<p>RO-Gruppen \u00e4r utn\u00e4mnda till Karri\u00e4rf\u00f6retag f\u00f6r femte \u00e5ret i rad.<br \/>\nVill du tr\u00e4ffa fler av v\u00e5ra medarbetare och se hur deras resa sett ut p\u00e5 RO-Gruppen, kika h\u00e4r\u00a0<a href=\"https:\/\/www.ro-gruppen.se\/vi-pa-ro\/medarbetarportratt\/\">\u00bb L\u00e4r k\u00e4nna n\u00e5gra av oss RO-Gruppen<\/a><\/p>\n","protected":false},"excerpt":{"rendered":"<p>Rickard Johansson b\u00f6rjade sin resa p\u00e5 RO-Gruppen redan 2015, d\u00e5 som praktikant. Efter en l\u00e4rorik period fick han anst\u00e4llning sommaren d\u00e4rp\u00e5, i juni 2016. Han inledde sin karri\u00e4r som arbetsledare och har sedan v\u00e5ren 2017 haft rollen som platschef. Under hela sin tid i f\u00f6retaget har Rickard varit verksam i G\u00f6teborg, d\u00e4r han idag leder [&hellip;]<\/p>\n","protected":false},"author":31,"featured_media":10723,"comment_status":"open","ping_status":"open","sticky":false,"template":"","format":"standard","meta":{"_acf_changed":false,"footnotes":"","_links_to":"","_links_to_target":""},"categories":[1],"tags":[],"class_list":["post-10827","post","type-post","status-publish","format-standard","has-post-thumbnail","hentry","category-okategoriserad"],"acf":[],"_links":{"self":[{"href":"https:\/\/www.ro-gruppen.se\/en\/wp-json\/wp\/v2\/posts\/10827","targetHints":{"allow":["GET"]}}],"collection":[{"href":"https:\/\/www.ro-gruppen.se\/en\/wp-json\/wp\/v2\/posts"}],"about":[{"href":"https:\/\/www.ro-gruppen.se\/en\/wp-json\/wp\/v2\/types\/post"}],"author":[{"embeddable":true,"href":"https:\/\/www.ro-gruppen.se\/en\/wp-json\/wp\/v2\/users\/31"}],"replies":[{"embeddable":true,"href":"https:\/\/www.ro-gruppen.se\/en\/wp-json\/wp\/v2\/comments?post=10827"}],"version-history":[{"count":1,"href":"https:\/\/www.ro-gruppen.se\/en\/wp-json\/wp\/v2\/posts\/10827\/revisions"}],"predecessor-version":[{"id":10828,"href":"https:\/\/www.ro-gruppen.se\/en\/wp-json\/wp\/v2\/posts\/10827\/revisions\/10828"}],"wp:featuredmedia":[{"embeddable":true,"href":"https:\/\/www.ro-gruppen.se\/en\/wp-json\/wp\/v2\/media\/10723"}],"wp:attachment":[{"href":"https:\/\/www.ro-gruppen.se\/en\/wp-json\/wp\/v2\/media?parent=10827"}],"wp:term":[{"taxonomy":"category","embeddable":true,"href":"https:\/\/www.ro-gruppen.se\/en\/wp-json\/wp\/v2\/categories?post=10827"},{"taxonomy":"post_tag","embeddable":true,"href":"https:\/\/www.ro-gruppen.se\/en\/wp-json\/wp\/v2\/tags?post=10827"}],"curies":[{"name":"wp","href":"https:\/\/api.w.org\/{rel}","templated":true}]}}