{"id":11012,"date":"2026-01-09T10:28:56","date_gmt":"2026-01-09T10:28:56","guid":{"rendered":"https:\/\/www.ro-gruppen.se\/?p=11012"},"modified":"2026-01-09T10:30:48","modified_gmt":"2026-01-09T10:30:48","slug":"hur-vi-skapar-verklig-klimatnytta-i-ombyggnadsprojekt-avsnitt-1","status":"publish","type":"post","link":"https:\/\/www.ro-gruppen.se\/en\/hur-vi-skapar-verklig-klimatnytta-i-ombyggnadsprojekt-avsnitt-1\/","title":{"rendered":"Hur vi skapar verklig klimatnytta i ombyggnadsprojekt &#8211; avsnitt 1"},"content":{"rendered":"<p>I Kvarteret Rotterdam har \u00e5terbruk varit en central del fr\u00e5n start. Vi bes\u00f6kte projektet och pratade med <a id=\"ember107\" class=\"ember-view\" tabindex=\"0\" href=\"https:\/\/www.linkedin.com\/in\/jonathan-m%C3%A4kinen-52bb3b184\/\">Jonathan M\u00e4kinen<\/a>, \u00e5terbrukschef, Castellums projektchef Michael Lundblad och <a id=\"ember109\" class=\"ember-view\" tabindex=\"0\" href=\"https:\/\/www.linkedin.com\/in\/lars-westman-a3520a45\/\">Lars Westman<\/a>, projektchef och aff\u00e4rsomr\u00e5deschef p\u00e5 RO-Gruppen.<\/p>\n<p>\ud83c\udfa5 I det f\u00f6rsta avsnittet ber\u00e4ttar de om hur storskalig inventering, n\u00e4ra samarbete och gemensamma ambitioner g\u00f6r det m\u00f6jligt att minska klimatavtrycket utan att tumma p\u00e5 kvalitet eller funktion.<br \/>\nL\u00e4s g\u00e4rna mer om projektet \u2192 <a href=\"https:\/\/www.ro-gruppen.se\/projekt\/kv-rotterdam\/\" target=\"_blank\" rel=\"noopener\">Kvarteret Rotterdam<\/a><\/p>\n<p><iframe loading=\"lazy\" title=\"Projekt Kv Rotterdam del 1\" width=\"500\" height=\"281\" src=\"https:\/\/www.youtube.com\/embed\/20AdfbdLp1g?feature=oembed\" frameborder=\"0\" allow=\"accelerometer; autoplay; clipboard-write; encrypted-media; gyroscope; picture-in-picture; web-share\" referrerpolicy=\"strict-origin-when-cross-origin\" allowfullscreen><\/iframe><\/p>\n","protected":false},"excerpt":{"rendered":"<p>I Kvarteret Rotterdam har \u00e5terbruk varit en central del fr\u00e5n start. Vi bes\u00f6kte projektet och pratade med Jonathan M\u00e4kinen, \u00e5terbrukschef, Castellums projektchef Michael Lundblad och Lars Westman, projektchef och aff\u00e4rsomr\u00e5deschef p\u00e5 RO-Gruppen. \ud83c\udfa5 I det f\u00f6rsta avsnittet ber\u00e4ttar de om hur storskalig inventering, n\u00e4ra samarbete och gemensamma ambitioner g\u00f6r det m\u00f6jligt att minska klimatavtrycket utan [&hellip;]<\/p>\n","protected":false},"author":30,"featured_media":11013,"comment_status":"open","ping_status":"open","sticky":false,"template":"","format":"standard","meta":{"_acf_changed":false,"footnotes":"","_links_to":"","_links_to_target":""},"categories":[1],"tags":[],"class_list":["post-11012","post","type-post","status-publish","format-standard","has-post-thumbnail","hentry","category-okategoriserad"],"acf":[],"_links":{"self":[{"href":"https:\/\/www.ro-gruppen.se\/en\/wp-json\/wp\/v2\/posts\/11012","targetHints":{"allow":["GET"]}}],"collection":[{"href":"https:\/\/www.ro-gruppen.se\/en\/wp-json\/wp\/v2\/posts"}],"about":[{"href":"https:\/\/www.ro-gruppen.se\/en\/wp-json\/wp\/v2\/types\/post"}],"author":[{"embeddable":true,"href":"https:\/\/www.ro-gruppen.se\/en\/wp-json\/wp\/v2\/users\/30"}],"replies":[{"embeddable":true,"href":"https:\/\/www.ro-gruppen.se\/en\/wp-json\/wp\/v2\/comments?post=11012"}],"version-history":[{"count":3,"href":"https:\/\/www.ro-gruppen.se\/en\/wp-json\/wp\/v2\/posts\/11012\/revisions"}],"predecessor-version":[{"id":11017,"href":"https:\/\/www.ro-gruppen.se\/en\/wp-json\/wp\/v2\/posts\/11012\/revisions\/11017"}],"wp:featuredmedia":[{"embeddable":true,"href":"https:\/\/www.ro-gruppen.se\/en\/wp-json\/wp\/v2\/media\/11013"}],"wp:attachment":[{"href":"https:\/\/www.ro-gruppen.se\/en\/wp-json\/wp\/v2\/media?parent=11012"}],"wp:term":[{"taxonomy":"category","embeddable":true,"href":"https:\/\/www.ro-gruppen.se\/en\/wp-json\/wp\/v2\/categories?post=11012"},{"taxonomy":"post_tag","embeddable":true,"href":"https:\/\/www.ro-gruppen.se\/en\/wp-json\/wp\/v2\/tags?post=11012"}],"curies":[{"name":"wp","href":"https:\/\/api.w.org\/{rel}","templated":true}]}}