{"id":11068,"date":"2026-02-27T12:22:26","date_gmt":"2026-02-27T12:22:26","guid":{"rendered":"https:\/\/www.ro-gruppen.se\/?p=11068"},"modified":"2026-02-27T12:22:26","modified_gmt":"2026-02-27T12:22:26","slug":"arets-forsta-men-absolut-inte-sista-introdag","status":"publish","type":"post","link":"https:\/\/www.ro-gruppen.se\/en\/arets-forsta-men-absolut-inte-sista-introdag\/","title":{"rendered":"\u2013 \u00c5rets f\u00f6rsta men absolut inte sista introdag \u2013"},"content":{"rendered":"<p>I veckan genomf\u00f6rde vi \u00e5rets f\u00f6rsta introdag med 27 nya medarbetare \u2013 vad vi \u00e4r glada \u00f6ver att ha er alla hos oss p\u00e5 RO-Gruppen!<\/p>\n<p>Introdagarna \u00e4r en v\u00e4rdefull m\u00f6jlighet f\u00f6r oss att ge nya medarbetare en bra och tydlig start, samtidigt som vi skapar en k\u00e4nsla av samh\u00f6righet. Under dagarna pratar vi om allt fr\u00e5n arbetsprocesser och system till v\u00e5ra v\u00e4rderingar och hur vi alla tillsammans bidrar till att bygga en b\u00e4ttre v\u00e4rld \ud83c\udfd7\ufe0f\ud83e\uddba<\/p>\n<p>Varmt v\u00e4lkomna till RO-Gruppen! \ud83d\udc9b<\/p>\n<div style=\"width: 1920px;\" class=\"wp-video\"><video class=\"wp-video-shortcode\" id=\"video-11068-1\" width=\"1920\" height=\"1080\" preload=\"metadata\" controls=\"controls\"><source type=\"video\/mp4\" src=\"https:\/\/www.ro-gruppen.se\/wp-content\/uploads\/2026\/02\/RO-Gruppen-introdag-februari-2026.mp4?_=1\" \/><a href=\"https:\/\/www.ro-gruppen.se\/wp-content\/uploads\/2026\/02\/RO-Gruppen-introdag-februari-2026.mp4\">https:\/\/www.ro-gruppen.se\/wp-content\/uploads\/2026\/02\/RO-Gruppen-introdag-februari-2026.mp4<\/a><\/video><\/div>\n","protected":false},"excerpt":{"rendered":"<p>I veckan genomf\u00f6rde vi \u00e5rets f\u00f6rsta introdag med 27 nya medarbetare \u2013 vad vi \u00e4r glada \u00f6ver att ha er alla hos oss p\u00e5 RO-Gruppen! Introdagarna \u00e4r en v\u00e4rdefull m\u00f6jlighet f\u00f6r oss att ge nya medarbetare en bra och tydlig start, samtidigt som vi skapar en k\u00e4nsla av samh\u00f6righet. Under dagarna pratar vi om allt [&hellip;]<\/p>\n","protected":false},"author":31,"featured_media":11069,"comment_status":"open","ping_status":"open","sticky":false,"template":"","format":"standard","meta":{"_acf_changed":false,"footnotes":"","_links_to":"","_links_to_target":""},"categories":[1],"tags":[],"class_list":["post-11068","post","type-post","status-publish","format-standard","has-post-thumbnail","hentry","category-okategoriserad"],"acf":[],"_links":{"self":[{"href":"https:\/\/www.ro-gruppen.se\/en\/wp-json\/wp\/v2\/posts\/11068","targetHints":{"allow":["GET"]}}],"collection":[{"href":"https:\/\/www.ro-gruppen.se\/en\/wp-json\/wp\/v2\/posts"}],"about":[{"href":"https:\/\/www.ro-gruppen.se\/en\/wp-json\/wp\/v2\/types\/post"}],"author":[{"embeddable":true,"href":"https:\/\/www.ro-gruppen.se\/en\/wp-json\/wp\/v2\/users\/31"}],"replies":[{"embeddable":true,"href":"https:\/\/www.ro-gruppen.se\/en\/wp-json\/wp\/v2\/comments?post=11068"}],"version-history":[{"count":1,"href":"https:\/\/www.ro-gruppen.se\/en\/wp-json\/wp\/v2\/posts\/11068\/revisions"}],"predecessor-version":[{"id":11073,"href":"https:\/\/www.ro-gruppen.se\/en\/wp-json\/wp\/v2\/posts\/11068\/revisions\/11073"}],"wp:featuredmedia":[{"embeddable":true,"href":"https:\/\/www.ro-gruppen.se\/en\/wp-json\/wp\/v2\/media\/11069"}],"wp:attachment":[{"href":"https:\/\/www.ro-gruppen.se\/en\/wp-json\/wp\/v2\/media?parent=11068"}],"wp:term":[{"taxonomy":"category","embeddable":true,"href":"https:\/\/www.ro-gruppen.se\/en\/wp-json\/wp\/v2\/categories?post=11068"},{"taxonomy":"post_tag","embeddable":true,"href":"https:\/\/www.ro-gruppen.se\/en\/wp-json\/wp\/v2\/tags?post=11068"}],"curies":[{"name":"wp","href":"https:\/\/api.w.org\/{rel}","templated":true}]}}