{"id":7217,"date":"2023-09-22T13:51:25","date_gmt":"2023-09-22T13:51:25","guid":{"rendered":"https:\/\/www.ro-gruppen.se\/invigning-av-myrasskolan\/"},"modified":"2023-09-26T06:28:34","modified_gmt":"2023-09-26T06:28:34","slug":"invigning-av-myrasskolan","status":"publish","type":"post","link":"https:\/\/www.ro-gruppen.se\/en\/invigning-av-myrasskolan\/","title":{"rendered":"Invigning av Myr\u00e5sskolan"},"content":{"rendered":"<p>Idag invigdes Myr\u00e5sskolan i Bor\u00e5s, som sedan v\u00e5ren 2021 genomg\u00e5tt en stor ombyggnation.<br \/>\nProjektet\u00a0har bland annat resulterat i en ny idrottshall, en tillbyggnad f\u00f6r fler klassrum samt renovering av befintliga skolbyggnader. Man har i projektet arbetat med milj\u00f6certifieringen Sunda Hus.<\/p>\n<p>RO-Gruppen har genomf\u00f6rt projektet i samverkan med\u00a0Bor\u00e5s Stad\u00a0och man har under projekttiden haft n\u00e4ra kontakt med den p\u00e5g\u00e5ende verksamheten och ett fint samarbete med alla inblandade, vilket resulterat i en smidig byggprocess.<\/p>\n<p>&#8220;Arbetsgruppen har varit lyh\u00f6rd och tillm\u00f6tesg\u00e5ende samt genuint intresserade av skolans verksamhet. P\u00e5 det s\u00e4ttet kunde vi tillsammans skapa en skola rustad f\u00f6r nu och framtiden.\u00a0Skolverksamhetens b\u00e4sta har varit fokus p\u00e5 arbetet i projektet.<br \/>\nSammanfattat s\u00e5 \u00e4r Skolverksamheten och Grundskolef\u00f6rvaltningens upplevelse att projektet varit genomsyrat av professionalitet och ett gott bem\u00f6tande fr\u00e5n alla inblandade!&#8221;<br \/>\n\u2013\u00a0Cathrine Kristoffersson, lokalsamordnare Grundskolef\u00f6rvaltningen Bor\u00e5s Stad<\/p>\n<p>&nbsp;<\/p>\n<p>L\u00e4s mer om projektet h\u00e4r:<br \/>\n<a href=\"https:\/\/www.ro-gruppen.se\/projekt\/myrasskolan-boras\/\" target=\"_blank\" rel=\"noopener\">Myr\u00e5sskolan Bor\u00e5s<\/a><\/p>\n<p>&nbsp;<\/p>\n\n\t\t<style type=\"text\/css\">\n\t\t\t#gallery-1 {\n\t\t\t\tmargin: auto;\n\t\t\t}\n\t\t\t#gallery-1 .gallery-item {\n\t\t\t\tfloat: left;\n\t\t\t\tmargin-top: 10px;\n\t\t\t\ttext-align: center;\n\t\t\t\twidth: 33%;\n\t\t\t}\n\t\t\t#gallery-1 img {\n\t\t\t\tborder: 2px solid #cfcfcf;\n\t\t\t}\n\t\t\t#gallery-1 .gallery-caption {\n\t\t\t\tmargin-left: 0;\n\t\t\t}\n\t\t\t\/* see gallery_shortcode() in wp-includes\/media.php *\/\n\t\t<\/style>\n\t\t<div id='gallery-1' class='gallery galleryid-7217 gallery-columns-3 gallery-size-thumbnail'><dl class='gallery-item'>\n\t\t\t<dt class='gallery-icon landscape'>\n\t\t\t\t<a href='https:\/\/www.ro-gruppen.se\/en\/invigning-av-myrasskolan\/myrasskolan_1-2\/'><img loading=\"lazy\" decoding=\"async\" width=\"150\" height=\"150\" src=\"https:\/\/www.ro-gruppen.se\/wp-content\/uploads\/2023\/09\/Myrasskolan_1-150x150.jpg\" class=\"attachment-thumbnail size-thumbnail\" alt=\"\" \/><\/a>\n\t\t\t<\/dt><\/dl><dl class='gallery-item'>\n\t\t\t<dt class='gallery-icon landscape'>\n\t\t\t\t<a href='https:\/\/www.ro-gruppen.se\/en\/invigning-av-myrasskolan\/myrasskolan_2-2-2\/'><img loading=\"lazy\" decoding=\"async\" width=\"150\" height=\"150\" src=\"https:\/\/www.ro-gruppen.se\/wp-content\/uploads\/2023\/09\/Myrasskolan_2-150x150.jpg\" class=\"attachment-thumbnail size-thumbnail\" alt=\"\" \/><\/a>\n\t\t\t<\/dt><\/dl><dl class='gallery-item'>\n\t\t\t<dt class='gallery-icon landscape'>\n\t\t\t\t<a href='https:\/\/www.ro-gruppen.se\/en\/invigning-av-myrasskolan\/myrasskolan_3-2\/'><img loading=\"lazy\" decoding=\"async\" width=\"150\" height=\"150\" src=\"https:\/\/www.ro-gruppen.se\/wp-content\/uploads\/2023\/09\/Myrasskolan_3-150x150.jpg\" class=\"attachment-thumbnail size-thumbnail\" alt=\"\" \/><\/a>\n\t\t\t<\/dt><\/dl><br style=\"clear: both\" \/><dl class='gallery-item'>\n\t\t\t<dt class='gallery-icon landscape'>\n\t\t\t\t<a href='https:\/\/www.ro-gruppen.se\/en\/invigning-av-myrasskolan\/myrasskolan_4-2\/'><img loading=\"lazy\" decoding=\"async\" width=\"150\" height=\"150\" src=\"https:\/\/www.ro-gruppen.se\/wp-content\/uploads\/2023\/09\/Myrasskolan_4-150x150.jpg\" class=\"attachment-thumbnail size-thumbnail\" alt=\"\" \/><\/a>\n\t\t\t<\/dt><\/dl><dl class='gallery-item'>\n\t\t\t<dt class='gallery-icon landscape'>\n\t\t\t\t<a href='https:\/\/www.ro-gruppen.se\/en\/invigning-av-myrasskolan\/myrasskolan_26-a-2-2\/'><img loading=\"lazy\" decoding=\"async\" width=\"150\" height=\"150\" src=\"https:\/\/www.ro-gruppen.se\/wp-content\/uploads\/2023\/09\/Myrasskolan_26-a-150x150.jpg\" class=\"attachment-thumbnail size-thumbnail\" alt=\"\" \/><\/a>\n\t\t\t<\/dt><\/dl><dl class='gallery-item'>\n\t\t\t<dt class='gallery-icon landscape'>\n\t\t\t\t<a href='https:\/\/www.ro-gruppen.se\/en\/invigning-av-myrasskolan\/myrasskolan_30-2\/'><img loading=\"lazy\" decoding=\"async\" width=\"150\" height=\"150\" src=\"https:\/\/www.ro-gruppen.se\/wp-content\/uploads\/2023\/09\/Myrasskolan_30-150x150.jpg\" class=\"attachment-thumbnail size-thumbnail\" alt=\"\" aria-describedby=\"gallery-1-7192\" \/><\/a>\n\t\t\t<\/dt>\n\t\t\t\t<dd class='wp-caption-text gallery-caption' id='gallery-1-7192'>\n\t\t\t\tFoto: Anna Sigge \n\t\t\t\t<\/dd><\/dl><br style=\"clear: both\" \/><dl class='gallery-item'>\n\t\t\t<dt class='gallery-icon landscape'>\n\t\t\t\t<a href='https:\/\/www.ro-gruppen.se\/en\/invigning-av-myrasskolan\/myrasskolan_32-2\/'><img loading=\"lazy\" decoding=\"async\" width=\"150\" height=\"150\" src=\"https:\/\/www.ro-gruppen.se\/wp-content\/uploads\/2023\/09\/Myrasskolan_32-150x150.jpg\" class=\"attachment-thumbnail size-thumbnail\" alt=\"\" aria-describedby=\"gallery-1-7194\" \/><\/a>\n\t\t\t<\/dt>\n\t\t\t\t<dd class='wp-caption-text gallery-caption' id='gallery-1-7194'>\n\t\t\t\tFoto: Anna Sigge \n\t\t\t\t<\/dd><\/dl><dl class='gallery-item'>\n\t\t\t<dt class='gallery-icon landscape'>\n\t\t\t\t<a href='https:\/\/www.ro-gruppen.se\/en\/invigning-av-myrasskolan\/myrasskolan_34-2\/'><img loading=\"lazy\" decoding=\"async\" width=\"150\" height=\"150\" src=\"https:\/\/www.ro-gruppen.se\/wp-content\/uploads\/2023\/09\/Myrasskolan_34-150x150.jpg\" class=\"attachment-thumbnail size-thumbnail\" alt=\"Foto: Anna Sigge\" aria-describedby=\"gallery-1-7196\" \/><\/a>\n\t\t\t<\/dt>\n\t\t\t\t<dd class='wp-caption-text gallery-caption' id='gallery-1-7196'>\n\t\t\t\tFoto: Anna Sigge \n\t\t\t\t<\/dd><\/dl><dl class='gallery-item'>\n\t\t\t<dt class='gallery-icon landscape'>\n\t\t\t\t<a href='https:\/\/www.ro-gruppen.se\/en\/invigning-av-myrasskolan\/myrasskolan_46-2\/'><img loading=\"lazy\" decoding=\"async\" width=\"150\" height=\"150\" src=\"https:\/\/www.ro-gruppen.se\/wp-content\/uploads\/2023\/09\/Myrasskolan_46-150x150.jpg\" class=\"attachment-thumbnail size-thumbnail\" alt=\"\" aria-describedby=\"gallery-1-7198\" \/><\/a>\n\t\t\t<\/dt>\n\t\t\t\t<dd class='wp-caption-text gallery-caption' id='gallery-1-7198'>\n\t\t\t\tFoto: Anna Sigge \n\t\t\t\t<\/dd><\/dl><br style=\"clear: both\" \/><dl class='gallery-item'>\n\t\t\t<dt class='gallery-icon landscape'>\n\t\t\t\t<a href='https:\/\/www.ro-gruppen.se\/en\/invigning-av-myrasskolan\/myrasskolan_47-2-2\/'><img loading=\"lazy\" decoding=\"async\" width=\"150\" height=\"150\" src=\"https:\/\/www.ro-gruppen.se\/wp-content\/uploads\/2023\/09\/Myrasskolan_47-150x150.jpg\" class=\"attachment-thumbnail size-thumbnail\" alt=\"\" aria-describedby=\"gallery-1-7200\" \/><\/a>\n\t\t\t<\/dt>\n\t\t\t\t<dd class='wp-caption-text gallery-caption' id='gallery-1-7200'>\n\t\t\t\tFoto: Anna Sigge \n\t\t\t\t<\/dd><\/dl><dl class='gallery-item'>\n\t\t\t<dt class='gallery-icon landscape'>\n\t\t\t\t<a href='https:\/\/www.ro-gruppen.se\/en\/invigning-av-myrasskolan\/myrasskolan_55-2\/'><img loading=\"lazy\" decoding=\"async\" width=\"150\" height=\"150\" src=\"https:\/\/www.ro-gruppen.se\/wp-content\/uploads\/2023\/09\/Myrasskolan_55-150x150.jpg\" class=\"attachment-thumbnail size-thumbnail\" alt=\"\" aria-describedby=\"gallery-1-7202\" \/><\/a>\n\t\t\t<\/dt>\n\t\t\t\t<dd class='wp-caption-text gallery-caption' id='gallery-1-7202'>\n\t\t\t\tFoto: Anna Sigge \n\t\t\t\t<\/dd><\/dl>\n\t\t\t<br style='clear: both' \/>\n\t\t<\/div>\n\n","protected":false},"excerpt":{"rendered":"<p>Idag invigdes Myr\u00e5sskolan i Bor\u00e5s, som sedan v\u00e5ren 2021 genomg\u00e5tt en stor ombyggnation. Projektet\u00a0har bland annat resulterat i en ny idrottshall, en tillbyggnad f\u00f6r fler klassrum samt renovering av befintliga skolbyggnader. Man har i projektet arbetat med milj\u00f6certifieringen Sunda Hus. RO-Gruppen har genomf\u00f6rt projektet i samverkan med\u00a0Bor\u00e5s Stad\u00a0och man har under projekttiden haft n\u00e4ra kontakt [&hellip;]<\/p>\n","protected":false},"author":30,"featured_media":7186,"comment_status":"open","ping_status":"open","sticky":false,"template":"","format":"standard","meta":{"_acf_changed":false,"footnotes":"","_links_to":"","_links_to_target":""},"categories":[84],"tags":[],"class_list":["post-7217","post","type-post","status-publish","format-standard","has-post-thumbnail","hentry","category-uncategorized"],"acf":[],"_links":{"self":[{"href":"https:\/\/www.ro-gruppen.se\/en\/wp-json\/wp\/v2\/posts\/7217","targetHints":{"allow":["GET"]}}],"collection":[{"href":"https:\/\/www.ro-gruppen.se\/en\/wp-json\/wp\/v2\/posts"}],"about":[{"href":"https:\/\/www.ro-gruppen.se\/en\/wp-json\/wp\/v2\/types\/post"}],"author":[{"embeddable":true,"href":"https:\/\/www.ro-gruppen.se\/en\/wp-json\/wp\/v2\/users\/30"}],"replies":[{"embeddable":true,"href":"https:\/\/www.ro-gruppen.se\/en\/wp-json\/wp\/v2\/comments?post=7217"}],"version-history":[{"count":1,"href":"https:\/\/www.ro-gruppen.se\/en\/wp-json\/wp\/v2\/posts\/7217\/revisions"}],"predecessor-version":[{"id":7218,"href":"https:\/\/www.ro-gruppen.se\/en\/wp-json\/wp\/v2\/posts\/7217\/revisions\/7218"}],"wp:featuredmedia":[{"embeddable":true,"href":"https:\/\/www.ro-gruppen.se\/en\/wp-json\/wp\/v2\/media\/7186"}],"wp:attachment":[{"href":"https:\/\/www.ro-gruppen.se\/en\/wp-json\/wp\/v2\/media?parent=7217"}],"wp:term":[{"taxonomy":"category","embeddable":true,"href":"https:\/\/www.ro-gruppen.se\/en\/wp-json\/wp\/v2\/categories?post=7217"},{"taxonomy":"post_tag","embeddable":true,"href":"https:\/\/www.ro-gruppen.se\/en\/wp-json\/wp\/v2\/tags?post=7217"}],"curies":[{"name":"wp","href":"https:\/\/api.w.org\/{rel}","templated":true}]}}